{"id":228487,"date":"2025-09-02T19:45:04","date_gmt":"2025-09-03T02:45:04","guid":{"rendered":"https:\/\/rnoticias.com.mx\/Portal\/?p=228487"},"modified":"2025-09-02T19:45:04","modified_gmt":"2025-09-03T02:45:04","slug":"tormenta-tropical-lorena-podria-fortalecerse-a-huracan-categoria-1-alerta-el-smn","status":"publish","type":"post","link":"https:\/\/rnoticias.com.mx\/Portal\/2025\/09\/02\/tormenta-tropical-lorena-podria-fortalecerse-a-huracan-categoria-1-alerta-el-smn\/","title":{"rendered":"Tormenta tropical Lorena podr\u00eda fortalecerse a hurac\u00e1n categor\u00eda 1, alerta el SMN"},"content":{"rendered":"<p>El Servicio Meteorol\u00f3gico Nacional (<strong>SMN<\/strong>) de M\u00e9xico inform\u00f3 este martes que la tormenta<strong>\u00a0tropical Lorena,<\/strong>\u00a0surgida por la ma\u00f1ana en el oc\u00e9ano Pac\u00edfico,<strong>\u00a0podr\u00eda intensificarse a hurac\u00e1n categor\u00eda 1 en las pr\u00f3ximas horas y alcanzar las costas de Baja California Sur<\/strong>.<\/p>\n<p>En conferencia de prensa, el coordinador general del organismo, Fabi\u00e1n V\u00e1zquez Roma\u00f1a, se\u00f1al\u00f3 que\u00a0<strong><a href=\"https:\/\/smn.conagua.gob.mx\/files\/pdfs\/comunicados-de-prensa\/Aviso073-25.pdf\" target=\"_blank\" rel=\"noopener\">los pron\u00f3sticos indican que Lorena evolucionar\u00e1 a cicl\u00f3n de categor\u00eda 1 en menos de 24 horas<\/a><\/strong>, aunque no se descarta que alcance la categor\u00eda 2.<\/p>\n<p>Asimismo, advirti\u00f3 que\u00a0a partir del mi\u00e9rcoles se presentar\u00e1 un temporal de lluvias que provocar\u00e1 precipitaciones de fuerte a torrencial intensidad en Baja California Sur, Baja California, Sonora, Sinaloa y Chihuahua, lo que podr\u00eda generar complicaciones en esas entidades.<\/p>\n<div class=\" b2\"><\/div>\n<p>Puntualiz\u00f3 que se espera que el cicl\u00f3n toque tierra en las pr\u00f3ximas horas, en la costa occidental de Baja California Sur, y despu\u00e9s, es posible que avance hacia Sonora.<\/p>\n<p>Por ello, exhort\u00f3 a la poblaci\u00f3n a estar atenta de los avisos meteorol\u00f3gicos que se emitir\u00e1n peri\u00f3dicamente.<\/p>\n<p>Asimismo, avis\u00f3 que\u00a0al ser un &#8220;sistema muy extenso en materia nubosa y de precipitaci\u00f3n\u201d, se mantiene la alerta por precipitaciones a lo largo de toda la semana\u00a0en los estados mencionados.<\/p>\n<p>\u201cEs un sistema longevo que va a estar pr\u00e1cticamente toda la semana afectando Baja California, y finalmente, durante el fin de semana hacia el noroeste de M\u00e9xico, sobre la regi\u00f3n de Sonora\u201d, remarc\u00f3.<\/p>\n<p>Detall\u00f3 que\u00a0<strong>la suma de lluvia que se prev\u00e9 entre martes y s\u00e1bado es equivalente al 300 % de lo que llueve en un mes en Baja California Sur, y un 140 % en Sonora<\/strong>.<\/p>\n<p>\u201cEs decir, tres veces la lluvia de septiembre\u201d en Baja California Sur, y 1,4 veces, en Sonora, precis\u00f3.<\/p>\n<p>Puntualiz\u00f3 que\u00a0el pron\u00f3stico de lluvias intensas durante toda la semana se extiende a Nayarit, Sinaloa, Durango, Sinaloa y Chihuahua, adem\u00e1s de que se prev\u00e9n lluvias muy fuertes en el centro del pa\u00eds.<\/p>\n<p>Ante estas condiciones, pidi\u00f3 extremar precauciones en las regiones de impacto del fen\u00f3meno que podr\u00edan ocasionar inundaciones repentinas, deslaves y erosi\u00f3n del terreno.<\/p>\n<p>Tras formarse en d\u00edas pasados como depresi\u00f3n tropical Doce-E, el fen\u00f3meno se intensific\u00f3 a la tormenta tropical Lorena a las 09:15 horas (15:15 GMT) de este d\u00eda, seg\u00fan inform\u00f3 el SMN en un comunicado.<\/p>\n<p><strong>M\u00e9xico prev\u00e9 hasta 20 ciclones con nombre en el Pac\u00edfico mexicano, de los cuales entre cuatro y seis podr\u00edan ser de categor\u00eda 3, 4 e incluso 5.<\/strong><\/p>\n<p>Hasta ahora se han formado diez tormentas en el Pac\u00edfico mexicano: Alvin, B\u00e1rbara, Cosme, Dalila, Erick, Flossie, Gil, Henriette, Ivo, Juliette y Kiko.<\/p>\n<p><strong>El \u00faltimo hurac\u00e1n registrado en el pa\u00eds fue Erick, el cual toc\u00f3 tierra en el sur de M\u00e9xico el pasado 19 de junio como hurac\u00e1n categor\u00eda 3<\/strong>\u00a0y caus\u00f3 da\u00f1os principalmente en Oaxaca y Guerrero, causando la muerte de un menor y diversas afectaciones en la infraestructura el\u00e9ctrica, viviendas y ca\u00eddas de \u00e1rboles.<\/p>\n","protected":false},"excerpt":{"rendered":"<p>El Servicio Meteorol\u00f3gico Nacional (SMN) de M\u00e9xico inform\u00f3 este martes que la tormenta\u00a0tropical Lorena,\u00a0surgida por la ma\u00f1ana en el oc\u00e9ano Pac\u00edfico,\u00a0podr\u00eda intensificarse a hurac\u00e1n categor\u00eda 1 en las pr\u00f3ximas horas y alcanzar las costas de Baja California Sur. En conferencia de prensa, el coordinador general del organismo, Fabi\u00e1n V\u00e1zquez Roma\u00f1a, se\u00f1al\u00f3 que\u00a0los pron\u00f3sticos indican que [&hellip;]<\/p>\n","protected":false},"author":2,"featured_media":228488,"comment_status":"closed","ping_status":"closed","sticky":false,"template":"","format":"standard","meta":{"footnotes":""},"categories":[12870,172],"tags":[12865,12874],"class_list":["post-228487","post","type-post","status-publish","format-standard","has-post-thumbnail","hentry","category-destacadas","category-nacional","tag-destacadas","tag-nacional"],"jetpack_featured_media_url":"https:\/\/rnoticias.com.mx\/Portal\/wp-content\/uploads\/2025\/09\/descarga.webp","amp_enabled":true,"_links":{"self":[{"href":"https:\/\/rnoticias.com.mx\/Portal\/wp-json\/wp\/v2\/posts\/228487","targetHints":{"allow":["GET"]}}],"collection":[{"href":"https:\/\/rnoticias.com.mx\/Portal\/wp-json\/wp\/v2\/posts"}],"about":[{"href":"https:\/\/rnoticias.com.mx\/Portal\/wp-json\/wp\/v2\/types\/post"}],"author":[{"embeddable":true,"href":"https:\/\/rnoticias.com.mx\/Portal\/wp-json\/wp\/v2\/users\/2"}],"replies":[{"embeddable":true,"href":"https:\/\/rnoticias.com.mx\/Portal\/wp-json\/wp\/v2\/comments?post=228487"}],"version-history":[{"count":1,"href":"https:\/\/rnoticias.com.mx\/Portal\/wp-json\/wp\/v2\/posts\/228487\/revisions"}],"predecessor-version":[{"id":228489,"href":"https:\/\/rnoticias.com.mx\/Portal\/wp-json\/wp\/v2\/posts\/228487\/revisions\/228489"}],"wp:featuredmedia":[{"embeddable":true,"href":"https:\/\/rnoticias.com.mx\/Portal\/wp-json\/wp\/v2\/media\/228488"}],"wp:attachment":[{"href":"https:\/\/rnoticias.com.mx\/Portal\/wp-json\/wp\/v2\/media?parent=228487"}],"wp:term":[{"taxonomy":"category","embeddable":true,"href":"https:\/\/rnoticias.com.mx\/Portal\/wp-json\/wp\/v2\/categories?post=228487"},{"taxonomy":"post_tag","embeddable":true,"href":"https:\/\/rnoticias.com.mx\/Portal\/wp-json\/wp\/v2\/tags?post=228487"}],"curies":[{"name":"wp","href":"https:\/\/api.w.org\/{rel}","templated":true}]}}