{"id":228478,"date":"2025-09-02T19:39:10","date_gmt":"2025-09-03T02:39:10","guid":{"rendered":"https:\/\/rnoticias.com.mx\/Portal\/?p=228478"},"modified":"2025-09-02T19:39:10","modified_gmt":"2025-09-03T02:39:10","slug":"estan-por-cerrar-en-la-unison-cuatro-convocatorias-de-movilidad-internacional","status":"publish","type":"post","link":"https:\/\/rnoticias.com.mx\/Portal\/2025\/09\/02\/estan-por-cerrar-en-la-unison-cuatro-convocatorias-de-movilidad-internacional\/","title":{"rendered":"Est\u00e1n por cerrar en la Unison cuatro convocatorias de movilidad internacional"},"content":{"rendered":"<p>La Universidad de Sonora ofrece a todos sus estudiantes cuatro convocatorias para hacer al menos un semestre fuera del estado y del pa\u00eds, para llevar clases que a su regreso van acreditar, precis\u00f3 Marisol Delgado Torres.<\/p>\n<p>La subdirectora de <strong>Cooperaci\u00f3n, Movilidad e Internacionalizaci\u00f3n de esta casa de estudios i<\/strong>nform\u00f3 que la convocatoria m\u00e1s especializada es la del programa: Combined Study and Practice Stays for Engineers from Developing Countries (Kospie), del Servicio Alem\u00e1n de Intercambio Acad\u00e9mico (DAAD) y la Unison.<\/p>\n<p>A\u00f1adi\u00f3 que para esta movilidad internacional en Alemania, de julio 2025 a julio 2026, hay cinco espacios, pero siempre se pueden ocupar m\u00e1s plazas gracias a la calidad de los estudiantes de esta casa de estudios.<\/p>\n<p>\u201cEs una convocatoria que involucra solamente estudiantes de algunas ingenier\u00edas, es un programa para que los alumnos se vayan a Alemania durante un a\u00f1o; cursan un semestre en una universidad alemana y otro semestre hacen pr\u00e1cticas profesionales en alguna empresa alemana.<\/p>\n<p>\u201cEs uno de los proyectos estrat\u00e9gicos de la Universidad de Sonora por la dualidad que tiene tanto empresa como instituci\u00f3n, son estudiantes de muy alto nivel que ya tienen bastantes conocimientos de alem\u00e1n, de ingl\u00e9s, y que est\u00e1n con un cierto perfil del futuro y lo que quieren desarrollar\u201d, puntualiz\u00f3 la funcionaria universitaria.<\/p>\n<p>Detall\u00f3 que primero se hace una pre selecci\u00f3n de candidatos para postular a la convocatoria externa del servicio alem\u00e1n de intercambio; en diciembre se hace una entrevista en ingl\u00e9s y el servicio alem\u00e1n (DAAD) hace la selecci\u00f3n final.<\/p>\n<p>Esta convocatoria, apunt\u00f3, vence el pr\u00f3ximo 12 de septiembre y las carreras de las que pueden aplicar son: Ingenier\u00eda Civil, Ingenier\u00eda en Energ\u00edas Renovables, Ingenier\u00eda Industrial y de Sistemas, Ingenier\u00eda en Metalurgia, Ingenier\u00eda Qu\u00edmica, Ingenier\u00eda en Sistemas de Informaci\u00f3n, Ingenier\u00eda en Materiales, Ingenier\u00eda en Tecnolog\u00eda Electr\u00f3nica, Licenciatura en Ciencias de la Computaci\u00f3n, Ingenier\u00eda en Mecatr\u00f3nica, Licenciatura en F\u00edsica, Ingenier\u00eda en Ciencias Ambientales, e Ingenier\u00eda Biom\u00e9dica.<\/p>\n<p>Otra convocatoria, que tambi\u00e9n cierra el 12 de septiembre, es la de Consorcio Conahec, una red de movilidad con Am\u00e9rica Latina y ciertos pa\u00edses como Corea del Sur, Estados Unidos y Canad\u00e1, para el semestre 2026-1, de enero a junio.<\/p>\n<p>Inform\u00f3 tambi\u00e9n de la convocatoria del Programa de Movilidad Estudiantil con Universidades de Espa\u00f1a, la cual cierra el pr\u00f3ximo 10 de septiembre.<\/p>\n<p>\u201cEspa\u00f1a, por historial, es la convocatoria m\u00e1s competida que tenemos, todos los estudiantes se quieren ir, son 50 plazas distribuidas en todas las instituciones con las que tenemos el convenio, es para que se vayan un semestre\u201d, indic\u00f3 Delgado Torres.<\/p>\n<p>La cuarta convocar\u00eda es la general del Programa de Movilidad Estudiantil en Modalidad Presencial, la cual vencer\u00e1 el pr\u00f3ximo 1 de octubre.<\/p>\n<p>\u201cHacemos las fechas de cierre, de tal manera que si los estudiantes no quedaron en alguna de estas convocatorias todav\u00eda tengan oportunidad de participar en la convocatoria general que cierra el 1 de octubre. Verificamos, evaluamos y les ofrecemos la general que tiene destinos a nivel internacional y nacional en cientos de universidades\u201d, coment\u00f3.<\/p>\n<p>&nbsp;<\/p>\n<p><strong>Estudiantes excelentes <\/strong><\/p>\n<p>Delgado Torres precis\u00f3 que esta oportunidad es para estudiantes de los seis campus, deben ser alumnos regulares y haber cursado m\u00e1s del 50% de sus cr\u00e9ditos, por lo que seg\u00fan el programa educativo es a partir del sexto y s\u00e9ptimo semestre.<\/p>\n<p>\u201cEs una oportunidad no solo de una formaci\u00f3n profesional sino tambi\u00e9n de una formaci\u00f3n integral de vida, les ayuda enormemente para adquirir otro tipo de competencias que hoy son muy deseables en el entorno global en el que se est\u00e1n desarrollando, buscamos que sean agentes de cambio para el desarrollo del estado y la sociedad, generarles pensamiento cr\u00edtico, enfrentarlos a otras formas de ense\u00f1anza-aprendizaje, y a personas de otras culturas\u201d, precis\u00f3 la funcionaria.<\/p>\n<p>Agreg\u00f3 que deben tener un promedio de 80 en adelante para poder participar, para apoyo econ\u00f3mico a nivel nacional requieren un promedio de 85 o 10 puntos por encima de la media de su carrera y para apoyo a nivel internacional necesitan un promedio de 90 en adelante o 10 puntos por encima de la media.<\/p>\n<p>Puntualiz\u00f3 que el apoyo econ\u00f3mico depender\u00e1 del destino, si es nacional es de $27,000; en internacional no hispanoparlante de $60,000, y en internacional hispanoparlante de $40,000.<\/p>\n<p>En el caso de la convocatoria de Kospie, dijo, los apoyos son diferentes ya que la agencia de intercambio alem\u00e1n respalda con el 87%.<\/p>\n<p>&nbsp;<\/p>\n<p>&nbsp;<\/p>\n","protected":false},"excerpt":{"rendered":"<p>La Universidad de Sonora ofrece a todos sus estudiantes cuatro convocatorias para hacer al menos un semestre fuera del estado y del pa\u00eds, para llevar clases que a su regreso van acreditar, precis\u00f3 Marisol Delgado Torres. La subdirectora de Cooperaci\u00f3n, Movilidad e Internacionalizaci\u00f3n de esta casa de estudios inform\u00f3 que la convocatoria m\u00e1s especializada es [&hellip;]<\/p>\n","protected":false},"author":2,"featured_media":228479,"comment_status":"closed","ping_status":"closed","sticky":false,"template":"","format":"standard","meta":{"footnotes":""},"categories":[12870,178],"tags":[12865,12869],"class_list":["post-228478","post","type-post","status-publish","format-standard","has-post-thumbnail","hentry","category-destacadas","category-local","tag-destacadas","tag-local"],"jetpack_featured_media_url":"https:\/\/rnoticias.com.mx\/Portal\/wp-content\/uploads\/2025\/09\/MARISOL-DELGADO-TORRES-1.jpg","amp_enabled":true,"_links":{"self":[{"href":"https:\/\/rnoticias.com.mx\/Portal\/wp-json\/wp\/v2\/posts\/228478","targetHints":{"allow":["GET"]}}],"collection":[{"href":"https:\/\/rnoticias.com.mx\/Portal\/wp-json\/wp\/v2\/posts"}],"about":[{"href":"https:\/\/rnoticias.com.mx\/Portal\/wp-json\/wp\/v2\/types\/post"}],"author":[{"embeddable":true,"href":"https:\/\/rnoticias.com.mx\/Portal\/wp-json\/wp\/v2\/users\/2"}],"replies":[{"embeddable":true,"href":"https:\/\/rnoticias.com.mx\/Portal\/wp-json\/wp\/v2\/comments?post=228478"}],"version-history":[{"count":1,"href":"https:\/\/rnoticias.com.mx\/Portal\/wp-json\/wp\/v2\/posts\/228478\/revisions"}],"predecessor-version":[{"id":228480,"href":"https:\/\/rnoticias.com.mx\/Portal\/wp-json\/wp\/v2\/posts\/228478\/revisions\/228480"}],"wp:featuredmedia":[{"embeddable":true,"href":"https:\/\/rnoticias.com.mx\/Portal\/wp-json\/wp\/v2\/media\/228479"}],"wp:attachment":[{"href":"https:\/\/rnoticias.com.mx\/Portal\/wp-json\/wp\/v2\/media?parent=228478"}],"wp:term":[{"taxonomy":"category","embeddable":true,"href":"https:\/\/rnoticias.com.mx\/Portal\/wp-json\/wp\/v2\/categories?post=228478"},{"taxonomy":"post_tag","embeddable":true,"href":"https:\/\/rnoticias.com.mx\/Portal\/wp-json\/wp\/v2\/tags?post=228478"}],"curies":[{"name":"wp","href":"https:\/\/api.w.org\/{rel}","templated":true}]}}