{"id":228469,"date":"2025-09-02T19:33:04","date_gmt":"2025-09-03T02:33:04","guid":{"rendered":"https:\/\/rnoticias.com.mx\/Portal\/?p=228469"},"modified":"2025-09-02T19:33:04","modified_gmt":"2025-09-03T02:33:04","slug":"realizara-gobierno-municipal-una-jornada-mas-de-donacion-de-arboles-nativos-el-proximo-viernes","status":"publish","type":"post","link":"https:\/\/rnoticias.com.mx\/Portal\/2025\/09\/02\/realizara-gobierno-municipal-una-jornada-mas-de-donacion-de-arboles-nativos-el-proximo-viernes\/","title":{"rendered":"Realizar\u00e1 Gobierno Municipal una jornada m\u00e1s de donaci\u00f3n de \u00e1rboles nativos el pr\u00f3ximo viernes"},"content":{"rendered":"<div>\n<div><b data-olk-copy-source=\"MessageBody\">Hermosillo, Sonora; 2 de septiembre de 2025.-\u00a0<\/b>Residentes de Hermosillo tendr\u00e1n, el pr\u00f3ximo viernes 5 de septiembre, una nueva oportunidad de obtener alguno de los arbolitos nativos que se estar\u00e1n obsequiando en el Vivero Municipal a cambio de materiales reciclables como pl\u00e1stico pet, cart\u00f3n y\/o aluminio, inform\u00f3 Amparo Fontanot.<\/div>\n<div>\nLa directora de Parques y Jardines del Ayuntamiento detall\u00f3 que en esa ocasi\u00f3n habr\u00e1 ejemplares j\u00f3venes de chiltep\u00edn, bagote, lantana, vinora, brea, palma abanico, palo verde, guam\u00fachil, tronadora y mimbre.<\/div>\n<div>\nLa jornada ser\u00e1 en el Vivero Municipal, ubicado en la avenida Morelia, esquina con la calle De la Palma, en la colonia Casa Blanca, de las 9:00 a las 17:00 horas, abund\u00f3.<\/div>\n<div>\nLa funcionaria municipal recomend\u00f3 a las personas con inter\u00e9s de llevarse uno de esos arbolitos, para plantarlo en alg\u00fan lugar privado o p\u00fablico de su inter\u00e9s, que se registren previamente en el enlace https:\/\/forms.gle\/9zd4fKQ4vmaBqcjU7, a fin de que el despliegue se desarrolle con el mayor orden posible.<\/div>\n<\/div>\n<p>&nbsp;<\/p>\n<p>&#8212;<\/p>\n","protected":false},"excerpt":{"rendered":"<p>Hermosillo, Sonora; 2 de septiembre de 2025.-\u00a0Residentes de Hermosillo tendr\u00e1n, el pr\u00f3ximo viernes 5 de septiembre, una nueva oportunidad de obtener alguno de los arbolitos nativos que se estar\u00e1n obsequiando en el Vivero Municipal a cambio de materiales reciclables como pl\u00e1stico pet, cart\u00f3n y\/o aluminio, inform\u00f3 Amparo Fontanot. La directora de Parques y Jardines del [&hellip;]<\/p>\n","protected":false},"author":2,"featured_media":228470,"comment_status":"closed","ping_status":"closed","sticky":false,"template":"","format":"standard","meta":{"footnotes":""},"categories":[12870,178],"tags":[12865,12869],"class_list":["post-228469","post","type-post","status-publish","format-standard","has-post-thumbnail","hentry","category-destacadas","category-local","tag-destacadas","tag-local"],"jetpack_featured_media_url":"https:\/\/rnoticias.com.mx\/Portal\/wp-content\/uploads\/2025\/09\/Realizara-Gobierno-Municipal-una-jornada-mas-de-donacion-de-arboles-nativos-el-proximo-viernes.jpeg","amp_enabled":true,"_links":{"self":[{"href":"https:\/\/rnoticias.com.mx\/Portal\/wp-json\/wp\/v2\/posts\/228469","targetHints":{"allow":["GET"]}}],"collection":[{"href":"https:\/\/rnoticias.com.mx\/Portal\/wp-json\/wp\/v2\/posts"}],"about":[{"href":"https:\/\/rnoticias.com.mx\/Portal\/wp-json\/wp\/v2\/types\/post"}],"author":[{"embeddable":true,"href":"https:\/\/rnoticias.com.mx\/Portal\/wp-json\/wp\/v2\/users\/2"}],"replies":[{"embeddable":true,"href":"https:\/\/rnoticias.com.mx\/Portal\/wp-json\/wp\/v2\/comments?post=228469"}],"version-history":[{"count":1,"href":"https:\/\/rnoticias.com.mx\/Portal\/wp-json\/wp\/v2\/posts\/228469\/revisions"}],"predecessor-version":[{"id":228471,"href":"https:\/\/rnoticias.com.mx\/Portal\/wp-json\/wp\/v2\/posts\/228469\/revisions\/228471"}],"wp:featuredmedia":[{"embeddable":true,"href":"https:\/\/rnoticias.com.mx\/Portal\/wp-json\/wp\/v2\/media\/228470"}],"wp:attachment":[{"href":"https:\/\/rnoticias.com.mx\/Portal\/wp-json\/wp\/v2\/media?parent=228469"}],"wp:term":[{"taxonomy":"category","embeddable":true,"href":"https:\/\/rnoticias.com.mx\/Portal\/wp-json\/wp\/v2\/categories?post=228469"},{"taxonomy":"post_tag","embeddable":true,"href":"https:\/\/rnoticias.com.mx\/Portal\/wp-json\/wp\/v2\/tags?post=228469"}],"curies":[{"name":"wp","href":"https:\/\/api.w.org\/{rel}","templated":true}]}}