{"id":228466,"date":"2025-09-02T17:46:15","date_gmt":"2025-09-03T00:46:15","guid":{"rendered":"https:\/\/rnoticias.com.mx\/Portal\/?p=228466"},"modified":"2025-09-02T17:46:15","modified_gmt":"2025-09-03T00:46:15","slug":"gobernador-durazo-y-presidenta-sheinbaum-refuerzan-estrategia-nacional-de-paz-y-seguridad-en-sonora","status":"publish","type":"post","link":"https:\/\/rnoticias.com.mx\/Portal\/2025\/09\/02\/gobernador-durazo-y-presidenta-sheinbaum-refuerzan-estrategia-nacional-de-paz-y-seguridad-en-sonora\/","title":{"rendered":"Gobernador Durazo y Presidenta Sheinbaum refuerzan Estrategia Nacional de Paz y Seguridad en Sonora"},"content":{"rendered":"<p>Ciudad de M\u00e9xico; 2 de septiembre de 2025.- Con el fin de fortalecer la unidad y la acci\u00f3n coordinada entre los tres niveles de gobierno, el gobernador Alfonso Durazo Monta\u00f1o reafirm\u00f3 su compromiso con la Estrategia Nacional de Seguridad en beneficio de las y los sonorenses, durante la Quincuag\u00e9sima Primera Sesi\u00f3n Ordinaria del Consejo Nacional de Seguridad P\u00fablica encabezada por la presidenta Claudia Sheinbaum Pardo.<\/p>\n<p>El mandatario sonorense enfatiz\u00f3 que la suma de esfuerzos es fundamental para reforzar las instituciones de seguridad y procuraci\u00f3n de justicia en los estados, as\u00ed como tambi\u00e9n crear pol\u00edticas p\u00fablicas y programas que brinden atenci\u00f3n desde las causas, a fin de posicionar a Sonora como referente nacional en la implementaci\u00f3n de la Estrategia de Construcci\u00f3n de Paz, impulsada por Sheinbaum Pardo.<\/p>\n<p>\u201cYo creo que la estrategia de seguridad est\u00e1 funcionando realmente bien, los resultados que aqu\u00ed hemos conocido son alentadores, no significa que podamos bajar la guardia. Simple y sencillamente significa que la estrategia est\u00e1 dando resultados, afortunadamente en Sonora tenemos n\u00fameros a la baja, en los m\u00e1s diversos delitos\u201d, sostuvo el gobernador Durazo Monta\u00f1o.<\/p>\n<p>En el evento llevado a cabo en Palacio Nacional, la presidenta Sheinbaum Pardo subray\u00f3 la importancia de aterrizar la estrategia integral de seguridad en las 32 entidades, que ya muestra resultados claros en todo el pa\u00eds con la disminuci\u00f3n del 25 por ciento de los homicidios dolosos y 20 por ciento los delitos de alto impacto.<\/p>\n<p>Este encuentro, en el que se presentaron propuestas de modificaci\u00f3n a las leyes de Seguridad y de B\u00fasqueda, estuvo tambi\u00e9n encabezado por el secretario de Seguridad y Protecci\u00f3n Ciudadana, Omar Garc\u00eda Harfuch. El Consejo Nacional de Seguridad P\u00fablica est\u00e1 integrado por titulares de la Secretar\u00eda de Gobernaci\u00f3n, Defensa Nacional, Marina, Fiscal\u00eda General de la Rep\u00fablica (FGR), los gobernadores de los estados, Comisi\u00f3n Nacional de Seguridad (CNS), y el Secretariado Ejecutivo del Sistema Nacional de Seguridad P\u00fablica (SESNSP).<\/p>\n","protected":false},"excerpt":{"rendered":"<p>Ciudad de M\u00e9xico; 2 de septiembre de 2025.- Con el fin de fortalecer la unidad y la acci\u00f3n coordinada entre los tres niveles de gobierno, el gobernador Alfonso Durazo Monta\u00f1o reafirm\u00f3 su compromiso con la Estrategia Nacional de Seguridad en beneficio de las y los sonorenses, durante la Quincuag\u00e9sima Primera Sesi\u00f3n Ordinaria del Consejo Nacional [&hellip;]<\/p>\n","protected":false},"author":2,"featured_media":228467,"comment_status":"closed","ping_status":"closed","sticky":false,"template":"","format":"standard","meta":{"footnotes":""},"categories":[12870,178],"tags":[12865,12869],"class_list":["post-228466","post","type-post","status-publish","format-standard","has-post-thumbnail","hentry","category-destacadas","category-local","tag-destacadas","tag-local"],"jetpack_featured_media_url":"https:\/\/rnoticias.com.mx\/Portal\/wp-content\/uploads\/2025\/09\/unnamed-8.jpg","amp_enabled":true,"_links":{"self":[{"href":"https:\/\/rnoticias.com.mx\/Portal\/wp-json\/wp\/v2\/posts\/228466","targetHints":{"allow":["GET"]}}],"collection":[{"href":"https:\/\/rnoticias.com.mx\/Portal\/wp-json\/wp\/v2\/posts"}],"about":[{"href":"https:\/\/rnoticias.com.mx\/Portal\/wp-json\/wp\/v2\/types\/post"}],"author":[{"embeddable":true,"href":"https:\/\/rnoticias.com.mx\/Portal\/wp-json\/wp\/v2\/users\/2"}],"replies":[{"embeddable":true,"href":"https:\/\/rnoticias.com.mx\/Portal\/wp-json\/wp\/v2\/comments?post=228466"}],"version-history":[{"count":1,"href":"https:\/\/rnoticias.com.mx\/Portal\/wp-json\/wp\/v2\/posts\/228466\/revisions"}],"predecessor-version":[{"id":228468,"href":"https:\/\/rnoticias.com.mx\/Portal\/wp-json\/wp\/v2\/posts\/228466\/revisions\/228468"}],"wp:featuredmedia":[{"embeddable":true,"href":"https:\/\/rnoticias.com.mx\/Portal\/wp-json\/wp\/v2\/media\/228467"}],"wp:attachment":[{"href":"https:\/\/rnoticias.com.mx\/Portal\/wp-json\/wp\/v2\/media?parent=228466"}],"wp:term":[{"taxonomy":"category","embeddable":true,"href":"https:\/\/rnoticias.com.mx\/Portal\/wp-json\/wp\/v2\/categories?post=228466"},{"taxonomy":"post_tag","embeddable":true,"href":"https:\/\/rnoticias.com.mx\/Portal\/wp-json\/wp\/v2\/tags?post=228466"}],"curies":[{"name":"wp","href":"https:\/\/api.w.org\/{rel}","templated":true}]}}