{"id":228463,"date":"2025-09-02T17:40:59","date_gmt":"2025-09-03T00:40:59","guid":{"rendered":"https:\/\/rnoticias.com.mx\/Portal\/?p=228463"},"modified":"2025-09-02T17:40:59","modified_gmt":"2025-09-03T00:40:59","slug":"vecinos-de-villas-de-san-lorenzo-denuncian-omisiones-y-riesgos-por-colapso-de-bardas","status":"publish","type":"post","link":"https:\/\/rnoticias.com.mx\/Portal\/2025\/09\/02\/vecinos-de-villas-de-san-lorenzo-denuncian-omisiones-y-riesgos-por-colapso-de-bardas\/","title":{"rendered":"Vecinos de Villas de San Lorenzo denuncian omisiones y riesgos por colapso de bardas"},"content":{"rendered":"<p>A 17 d\u00edas del colapso de una barda en el fraccionamiento Villas de San Lorenzo, que colinda con Privadas del Bosque, vecinos del sector denunciaron la falta de atenci\u00f3n del Ayuntamiento de Hermosillo y el riesgo latente de que otras estructuras tambi\u00e9n cedan, ante la humedad acumulada por las lluvias recientes.<\/p>\n<p>&nbsp;<\/p>\n<p>Jos\u00e9 Duarte, residente de la zona, cont\u00f3 que el Colegio de Ingenieros emiti\u00f3 un dictamen en el que advierte que las bardas de varias viviendas, desde la numeraci\u00f3n 98 a la 112, presentan trasminaci\u00f3n de agua y est\u00e1n en riesgo de colapsar, por lo que se recomend\u00f3 la demolici\u00f3n de una de ellas.<\/p>\n<p>&nbsp;<\/p>\n<p>\u201cLos afectados estamos se\u00f1alando que las autoridades buscan tumbar esa barda sin garantizarnos su reconstrucci\u00f3n inmediata ni establecer un muro de contenci\u00f3n, lo que dejar\u00eda a las familias expuestas a nuevos da\u00f1os y a la inseguridad, ya que el acceso entre colonias se va a quedar abierto\u201d, dijo.<\/p>\n<p>&nbsp;<\/p>\n<p>Reconoci\u00f3, que sus dem\u00e1s vecinos, indican que desde hace varios d\u00edas no cuentan con vigilancia ni patrullajes en el \u00e1rea, a pesar de haber solicitado seguridad preventiva por el peligro que representa la infraestructura da\u00f1ada.<\/p>\n<p>&nbsp;<\/p>\n<p>Explicaron que, en un inicio, personal municipal les asegur\u00f3 que se proceder\u00eda a atender los reportes y coordinar con la aseguradora para la reparaci\u00f3n de viviendas; no obstante, solo se han hecho levantamientos parciales y no se ha dado certeza de c\u00f3mo ni cu\u00e1ndo se cubrir\u00e1n las p\u00e9rdidas materiales.<\/p>\n<p>&nbsp;<\/p>\n<p>\u201cEstamos desprotegidos, no hay responsables claros y \u00fanicamente nos dicen que \u2018se est\u00e1 trabajando\u2019, pero no vemos resultados. La incertidumbre se agrava con cada lluvia, pues las familias tememos que nuevas bardas colapsen y se vaya a provocar una tragedia mayor\u201d, cont\u00f3.<\/p>\n<p>&nbsp;<\/p>\n<p>Por \u00faltimo, extern\u00f3 que ante esta situaci\u00f3n, cuatro familias que sufrieron p\u00e9rdidas totales en viviendas y veh\u00edculos interpusieron una demanda civil y penal contra quien resulte responsable, ya sea autoridades municipales, propietarios de terrenos aleda\u00f1os o funcionarios.<\/p>\n","protected":false},"excerpt":{"rendered":"<p>A 17 d\u00edas del colapso de una barda en el fraccionamiento Villas de San Lorenzo, que colinda con Privadas del Bosque, vecinos del sector denunciaron la falta de atenci\u00f3n del Ayuntamiento de Hermosillo y el riesgo latente de que otras estructuras tambi\u00e9n cedan, ante la humedad acumulada por las lluvias recientes. &nbsp; Jos\u00e9 Duarte, residente [&hellip;]<\/p>\n","protected":false},"author":2,"featured_media":228464,"comment_status":"closed","ping_status":"closed","sticky":false,"template":"","format":"standard","meta":{"footnotes":""},"categories":[12870,178],"tags":[12865,12869],"class_list":["post-228463","post","type-post","status-publish","format-standard","has-post-thumbnail","hentry","category-destacadas","category-local","tag-destacadas","tag-local"],"jetpack_featured_media_url":"https:\/\/rnoticias.com.mx\/Portal\/wp-content\/uploads\/2025\/09\/f768x400-465595_509498_5050.webp","amp_enabled":true,"_links":{"self":[{"href":"https:\/\/rnoticias.com.mx\/Portal\/wp-json\/wp\/v2\/posts\/228463","targetHints":{"allow":["GET"]}}],"collection":[{"href":"https:\/\/rnoticias.com.mx\/Portal\/wp-json\/wp\/v2\/posts"}],"about":[{"href":"https:\/\/rnoticias.com.mx\/Portal\/wp-json\/wp\/v2\/types\/post"}],"author":[{"embeddable":true,"href":"https:\/\/rnoticias.com.mx\/Portal\/wp-json\/wp\/v2\/users\/2"}],"replies":[{"embeddable":true,"href":"https:\/\/rnoticias.com.mx\/Portal\/wp-json\/wp\/v2\/comments?post=228463"}],"version-history":[{"count":1,"href":"https:\/\/rnoticias.com.mx\/Portal\/wp-json\/wp\/v2\/posts\/228463\/revisions"}],"predecessor-version":[{"id":228465,"href":"https:\/\/rnoticias.com.mx\/Portal\/wp-json\/wp\/v2\/posts\/228463\/revisions\/228465"}],"wp:featuredmedia":[{"embeddable":true,"href":"https:\/\/rnoticias.com.mx\/Portal\/wp-json\/wp\/v2\/media\/228464"}],"wp:attachment":[{"href":"https:\/\/rnoticias.com.mx\/Portal\/wp-json\/wp\/v2\/media?parent=228463"}],"wp:term":[{"taxonomy":"category","embeddable":true,"href":"https:\/\/rnoticias.com.mx\/Portal\/wp-json\/wp\/v2\/categories?post=228463"},{"taxonomy":"post_tag","embeddable":true,"href":"https:\/\/rnoticias.com.mx\/Portal\/wp-json\/wp\/v2\/tags?post=228463"}],"curies":[{"name":"wp","href":"https:\/\/api.w.org\/{rel}","templated":true}]}}