{"id":228457,"date":"2025-09-02T17:31:37","date_gmt":"2025-09-03T00:31:37","guid":{"rendered":"https:\/\/rnoticias.com.mx\/Portal\/?p=228457"},"modified":"2025-09-02T17:31:37","modified_gmt":"2025-09-03T00:31:37","slug":"proxima-inauguracion-de-dos-hospitales-del-imss-en-sonora-navojoa-y-hermosillo","status":"publish","type":"post","link":"https:\/\/rnoticias.com.mx\/Portal\/2025\/09\/02\/proxima-inauguracion-de-dos-hospitales-del-imss-en-sonora-navojoa-y-hermosillo\/","title":{"rendered":"Pr\u00f3xima inauguraci\u00f3n de dos hospitales del IMSS en Sonora: Navojoa y Hermosillo"},"content":{"rendered":"<p>El director general del Instituto Mexicano del Seguro Social (IMSS), Zo\u00e9 Robledo Aburto, anunci\u00f3 que est\u00e1n por inaugurarse dos nuevos hospitales de zona en Sonora, uno en Navojoa y otro en Hermosillo, que fortalecer\u00e1n la infraestructura m\u00e9dica en la entidad.<\/p>\n<p>&nbsp;<\/p>\n<p>Detall\u00f3 que el Hospital de Navojoa inici\u00f3 su construcci\u00f3n en julio de 2023 y contar\u00e1 con 164 camas, 90 sensables y 74 no sensables, adem\u00e1s de 39 consultorios, 35 especialidades, quir\u00f3fanos, \u00e1rea de hemodi\u00e1lisis y salas para quimioterapia.<\/p>\n<p>&nbsp;<\/p>\n<p>\u201c Aqu\u00ed es una zona tambi\u00e9n de mucho crecimiento de la derechohabiencia, pero que ten\u00eda un hospital con muchos a\u00f1os de antig\u00fcedad y adem\u00e1s ya con dif\u00edcilmente, con posibilidades de resolver los problemas de salud de los derechohabientes de esa regi\u00f3n de Sonora, y tambi\u00e9n tendr\u00e1 hemodi\u00e1lisis, quir\u00f3fanos, salas y sillones de quimioterapia. En todos los hospitales nuevos estamos incorporando hemodi\u00e1lisis, que hab\u00eda sido uno de los\u00a0servicios m\u00e1s subrogados de la prestaci\u00f3n directa del IMSS\u201d, coment\u00f3,<\/p>\n<p>&nbsp;<\/p>\n<p>Respecto al hospital de Hermosillo, Zo\u00e9 Robledo destac\u00f3 que tambi\u00e9n se encuentra en etapa de conclusi\u00f3n y que ambos centros estar\u00e1n equipados con servicios de hemodi\u00e1lisis, un \u00e1rea que por a\u00f1os fue subrogada y que ahora se incorporar\u00e1 de manera directa en las nuevas unidades m\u00e9dicas del IMSS.<\/p>\n<p>&nbsp;<\/p>\n<p>Finalmente, el titular del Seguro Social, destac\u00f3 que tambi\u00e9n est\u00e1 por iniciar operaci\u00f3n en Hermosillo el Hospital General de Zona N\u00famero 15, Dr Ernesto Ramos Bours que fungir\u00e1 tambi\u00e9n como Hospital Universitario, donde estudiantes podr\u00e1n realizar su especialidad.<\/p>\n<p>&nbsp;<\/p>\n","protected":false},"excerpt":{"rendered":"<p>El director general del Instituto Mexicano del Seguro Social (IMSS), Zo\u00e9 Robledo Aburto, anunci\u00f3 que est\u00e1n por inaugurarse dos nuevos hospitales de zona en Sonora, uno en Navojoa y otro en Hermosillo, que fortalecer\u00e1n la infraestructura m\u00e9dica en la entidad. &nbsp; Detall\u00f3 que el Hospital de Navojoa inici\u00f3 su construcci\u00f3n en julio de 2023 y [&hellip;]<\/p>\n","protected":false},"author":2,"featured_media":228458,"comment_status":"closed","ping_status":"closed","sticky":false,"template":"","format":"standard","meta":{"footnotes":""},"categories":[12870,178],"tags":[12865,12869],"class_list":["post-228457","post","type-post","status-publish","format-standard","has-post-thumbnail","hentry","category-destacadas","category-local","tag-destacadas","tag-local"],"jetpack_featured_media_url":"https:\/\/rnoticias.com.mx\/Portal\/wp-content\/uploads\/2025\/09\/imss-anuncia-apertura-de-hospitales-en-navojoa-y-hermosillo-591657.jpg","amp_enabled":true,"_links":{"self":[{"href":"https:\/\/rnoticias.com.mx\/Portal\/wp-json\/wp\/v2\/posts\/228457","targetHints":{"allow":["GET"]}}],"collection":[{"href":"https:\/\/rnoticias.com.mx\/Portal\/wp-json\/wp\/v2\/posts"}],"about":[{"href":"https:\/\/rnoticias.com.mx\/Portal\/wp-json\/wp\/v2\/types\/post"}],"author":[{"embeddable":true,"href":"https:\/\/rnoticias.com.mx\/Portal\/wp-json\/wp\/v2\/users\/2"}],"replies":[{"embeddable":true,"href":"https:\/\/rnoticias.com.mx\/Portal\/wp-json\/wp\/v2\/comments?post=228457"}],"version-history":[{"count":1,"href":"https:\/\/rnoticias.com.mx\/Portal\/wp-json\/wp\/v2\/posts\/228457\/revisions"}],"predecessor-version":[{"id":228459,"href":"https:\/\/rnoticias.com.mx\/Portal\/wp-json\/wp\/v2\/posts\/228457\/revisions\/228459"}],"wp:featuredmedia":[{"embeddable":true,"href":"https:\/\/rnoticias.com.mx\/Portal\/wp-json\/wp\/v2\/media\/228458"}],"wp:attachment":[{"href":"https:\/\/rnoticias.com.mx\/Portal\/wp-json\/wp\/v2\/media?parent=228457"}],"wp:term":[{"taxonomy":"category","embeddable":true,"href":"https:\/\/rnoticias.com.mx\/Portal\/wp-json\/wp\/v2\/categories?post=228457"},{"taxonomy":"post_tag","embeddable":true,"href":"https:\/\/rnoticias.com.mx\/Portal\/wp-json\/wp\/v2\/tags?post=228457"}],"curies":[{"name":"wp","href":"https:\/\/api.w.org\/{rel}","templated":true}]}}