{"id":228454,"date":"2025-09-02T17:30:11","date_gmt":"2025-09-03T00:30:11","guid":{"rendered":"https:\/\/rnoticias.com.mx\/Portal\/?p=228454"},"modified":"2025-09-02T17:30:11","modified_gmt":"2025-09-03T00:30:11","slug":"gobierno-de-claudia-sheinbaum-impulsa-reduccion-de-la-pobreza-en-sonora","status":"publish","type":"post","link":"https:\/\/rnoticias.com.mx\/Portal\/2025\/09\/02\/gobierno-de-claudia-sheinbaum-impulsa-reduccion-de-la-pobreza-en-sonora\/","title":{"rendered":"Gobierno de Claudia Sheinbaum impulsa reducci\u00f3n de la pobreza en Sonora"},"content":{"rendered":"<p>El gobierno de la presidenta Claudia Sheinbaum ha logrado avances significativos en la reducci\u00f3n de la pobreza en Sonora, destac\u00f3 Octavio Almada Palafox, delegado de Bienestar en el estado.<\/p>\n<p>&nbsp;<\/p>\n<p>Se\u00f1al\u00f3, m\u00e1s de 300 mil sonorenses se han beneficiado de los distintos programas de bienestar implementados por la administraci\u00f3n federal, con un enfoque especial en adultos mayores, mujeres y j\u00f3venes.<\/p>\n<p>&nbsp;<\/p>\n<p>\u201cYo creo que el tema de la reducci\u00f3n de la pobreza\u00a0fue un tema de la Presidenta ayer en su informe\u00a0y lo ha venido siendo desde el inicio de su gobierno\u00a0y eso tiene que ponderarse de manera muy elevada. En el caso de Sonora\u00a0son m\u00e1s de 300 mil a trav\u00e9s de los programas de bienestar\u00a0que es un pilar fundamental en la reducci\u00f3n de la pobreza\u00a0pero tambi\u00e9n en la desigualdad\u201d, mencion\u00f3.<\/p>\n<p>&nbsp;<\/p>\n<p>Entre los apoyos que se han dispersado en Sonora y los cuales han ayudado para reducir la pobreza, destacan la Pensi\u00f3n de Mujeres de Bienestar y el programa de Adulto Mayor, que han permitido incrementar el ingreso de las familias m\u00e1s vulnerables.<\/p>\n<p>&nbsp;<\/p>\n<p>Almada Palafox explic\u00f3 que estos programas, junto con el aumento al salario m\u00ednimo, han contribuido a mejorar las condiciones de vida de la poblaci\u00f3n y a disminuir la desigualdad.<\/p>\n","protected":false},"excerpt":{"rendered":"<p>El gobierno de la presidenta Claudia Sheinbaum ha logrado avances significativos en la reducci\u00f3n de la pobreza en Sonora, destac\u00f3 Octavio Almada Palafox, delegado de Bienestar en el estado. &nbsp; Se\u00f1al\u00f3, m\u00e1s de 300 mil sonorenses se han beneficiado de los distintos programas de bienestar implementados por la administraci\u00f3n federal, con un enfoque especial en [&hellip;]<\/p>\n","protected":false},"author":2,"featured_media":228455,"comment_status":"closed","ping_status":"closed","sticky":false,"template":"","format":"standard","meta":{"footnotes":""},"categories":[12870,178],"tags":[12865,12869],"class_list":["post-228454","post","type-post","status-publish","format-standard","has-post-thumbnail","hentry","category-destacadas","category-local","tag-destacadas","tag-local"],"jetpack_featured_media_url":"https:\/\/rnoticias.com.mx\/Portal\/wp-content\/uploads\/2025\/09\/20250710_104157-scaled-1.jpg","amp_enabled":true,"_links":{"self":[{"href":"https:\/\/rnoticias.com.mx\/Portal\/wp-json\/wp\/v2\/posts\/228454","targetHints":{"allow":["GET"]}}],"collection":[{"href":"https:\/\/rnoticias.com.mx\/Portal\/wp-json\/wp\/v2\/posts"}],"about":[{"href":"https:\/\/rnoticias.com.mx\/Portal\/wp-json\/wp\/v2\/types\/post"}],"author":[{"embeddable":true,"href":"https:\/\/rnoticias.com.mx\/Portal\/wp-json\/wp\/v2\/users\/2"}],"replies":[{"embeddable":true,"href":"https:\/\/rnoticias.com.mx\/Portal\/wp-json\/wp\/v2\/comments?post=228454"}],"version-history":[{"count":1,"href":"https:\/\/rnoticias.com.mx\/Portal\/wp-json\/wp\/v2\/posts\/228454\/revisions"}],"predecessor-version":[{"id":228456,"href":"https:\/\/rnoticias.com.mx\/Portal\/wp-json\/wp\/v2\/posts\/228454\/revisions\/228456"}],"wp:featuredmedia":[{"embeddable":true,"href":"https:\/\/rnoticias.com.mx\/Portal\/wp-json\/wp\/v2\/media\/228455"}],"wp:attachment":[{"href":"https:\/\/rnoticias.com.mx\/Portal\/wp-json\/wp\/v2\/media?parent=228454"}],"wp:term":[{"taxonomy":"category","embeddable":true,"href":"https:\/\/rnoticias.com.mx\/Portal\/wp-json\/wp\/v2\/categories?post=228454"},{"taxonomy":"post_tag","embeddable":true,"href":"https:\/\/rnoticias.com.mx\/Portal\/wp-json\/wp\/v2\/tags?post=228454"}],"curies":[{"name":"wp","href":"https:\/\/api.w.org\/{rel}","templated":true}]}}