{"id":228451,"date":"2025-09-02T17:28:30","date_gmt":"2025-09-03T00:28:30","guid":{"rendered":"https:\/\/rnoticias.com.mx\/Portal\/?p=228451"},"modified":"2025-09-02T17:28:30","modified_gmt":"2025-09-03T00:28:30","slug":"instalan-el-coe-en-empalme-ante-posible-presencia-de-depresion-tropical-en-el-pacifico","status":"publish","type":"post","link":"https:\/\/rnoticias.com.mx\/Portal\/2025\/09\/02\/instalan-el-coe-en-empalme-ante-posible-presencia-de-depresion-tropical-en-el-pacifico\/","title":{"rendered":"Instalan el COE en Empalme ante posible presencia de depresi\u00f3n tropical en el Pac\u00edfico"},"content":{"rendered":"<p>El Ayuntamiento de Empalme instal\u00f3 este martes el Comit\u00e9 de Operaciones de Emergencia (COE) ante la presencia de la depresi\u00f3n tropical Doce-E01 en el Pac\u00edfico Mexicano, que podr\u00eda evolucionar a tormenta tropical con trayectoria hacia la regi\u00f3n.<\/p>\n<p>&nbsp;<\/p>\n<p>El alcalde Luis Fuentes Aguilar, enfatiz\u00f3 que esas acciones iniciadas este martes, son con el fin de coordinar acciones de prevenci\u00f3n y resguardo para la poblaci\u00f3n de esa parte de Sonora.<\/p>\n<p>&nbsp;<\/p>\n<p>Debido a la notificaci\u00f3n que nos hacen de la cercan\u00eda del fen\u00f3meno natural,\u00a0estamos haci\u00e9ndolo de manera preventiva, lo estamos haciendo con mucho tiempo,\u00a0no es para alarmar absolutamente a nadie, es simplemente mantener la vigilancia de la depresi\u00f3n.\u00a0Desde luego se tomar\u00e1n acciones a trav\u00e9s de los diferentes medios,\u00a0en un dado caso de ser necesario\u201d, extern\u00f3.<\/p>\n<p>&nbsp;<\/p>\n<p>Entre las acciones que el municipio de Empalme va a realizar son, la identificaci\u00f3n de posibles albergues, limpieza de arroyos y canales, y supervisi\u00f3n de bordos de contenci\u00f3n.<\/p>\n<p>&nbsp;<\/p>\n<p>Finalmente, el alcalde explic\u00f3 que se prev\u00e9n lluvias en la regi\u00f3n a partir del jueves por la noche o viernes, mientras que el fen\u00f3meno podr\u00eda intensificarse a tormenta tropical durante el fin de semana frente a las costas de Guaymas y Empalme, aunque la trayectoria puede variar en las pr\u00f3ximas horas.<\/p>\n","protected":false},"excerpt":{"rendered":"<p>El Ayuntamiento de Empalme instal\u00f3 este martes el Comit\u00e9 de Operaciones de Emergencia (COE) ante la presencia de la depresi\u00f3n tropical Doce-E01 en el Pac\u00edfico Mexicano, que podr\u00eda evolucionar a tormenta tropical con trayectoria hacia la regi\u00f3n. &nbsp; El alcalde Luis Fuentes Aguilar, enfatiz\u00f3 que esas acciones iniciadas este martes, son con el fin de [&hellip;]<\/p>\n","protected":false},"author":2,"featured_media":228452,"comment_status":"closed","ping_status":"closed","sticky":false,"template":"","format":"standard","meta":{"footnotes":""},"categories":[12870,174],"tags":[12865,12873],"class_list":["post-228451","post","type-post","status-publish","format-standard","has-post-thumbnail","hentry","category-destacadas","category-estatal","tag-destacadas","tag-estatal"],"jetpack_featured_media_url":"https:\/\/rnoticias.com.mx\/Portal\/wp-content\/uploads\/2025\/09\/36-1024x768-1.jpeg","amp_enabled":true,"_links":{"self":[{"href":"https:\/\/rnoticias.com.mx\/Portal\/wp-json\/wp\/v2\/posts\/228451","targetHints":{"allow":["GET"]}}],"collection":[{"href":"https:\/\/rnoticias.com.mx\/Portal\/wp-json\/wp\/v2\/posts"}],"about":[{"href":"https:\/\/rnoticias.com.mx\/Portal\/wp-json\/wp\/v2\/types\/post"}],"author":[{"embeddable":true,"href":"https:\/\/rnoticias.com.mx\/Portal\/wp-json\/wp\/v2\/users\/2"}],"replies":[{"embeddable":true,"href":"https:\/\/rnoticias.com.mx\/Portal\/wp-json\/wp\/v2\/comments?post=228451"}],"version-history":[{"count":1,"href":"https:\/\/rnoticias.com.mx\/Portal\/wp-json\/wp\/v2\/posts\/228451\/revisions"}],"predecessor-version":[{"id":228453,"href":"https:\/\/rnoticias.com.mx\/Portal\/wp-json\/wp\/v2\/posts\/228451\/revisions\/228453"}],"wp:featuredmedia":[{"embeddable":true,"href":"https:\/\/rnoticias.com.mx\/Portal\/wp-json\/wp\/v2\/media\/228452"}],"wp:attachment":[{"href":"https:\/\/rnoticias.com.mx\/Portal\/wp-json\/wp\/v2\/media?parent=228451"}],"wp:term":[{"taxonomy":"category","embeddable":true,"href":"https:\/\/rnoticias.com.mx\/Portal\/wp-json\/wp\/v2\/categories?post=228451"},{"taxonomy":"post_tag","embeddable":true,"href":"https:\/\/rnoticias.com.mx\/Portal\/wp-json\/wp\/v2\/tags?post=228451"}],"curies":[{"name":"wp","href":"https:\/\/api.w.org\/{rel}","templated":true}]}}