{"id":228448,"date":"2025-09-02T17:27:02","date_gmt":"2025-09-03T00:27:02","guid":{"rendered":"https:\/\/rnoticias.com.mx\/Portal\/?p=228448"},"modified":"2025-09-02T17:27:02","modified_gmt":"2025-09-03T00:27:02","slug":"tormenta-tropical-lorena-podria-incrementar-lluvias-en-sonora-esta-semana","status":"publish","type":"post","link":"https:\/\/rnoticias.com.mx\/Portal\/2025\/09\/02\/tormenta-tropical-lorena-podria-incrementar-lluvias-en-sonora-esta-semana\/","title":{"rendered":"Tormenta tropical Lorena podr\u00eda incrementar lluvias en Sonora esta semana"},"content":{"rendered":"<p>Hermosillo, Sonora. La tormenta tropical Lorena, recientemente formada en el oc\u00e9ano Pac\u00edfico frente a las costas de Colima, podr\u00eda incrementar significativamente las lluvias en el estado de Sonora durante los pr\u00f3ximos d\u00edas.<\/p>\n<p>&nbsp;<\/p>\n<p>Gilberto Lagarda V\u00e1zquez, especialista t\u00e9cnico de la Comisi\u00f3n Nacional del Agua (Conagua), inform\u00f3 que de acuerdo con el Servicio Meteorol\u00f3gico Nacional, el sistema evolucion\u00f3 de depresi\u00f3n tropical a tormenta durante la ma\u00f1ana de este martes y, aunque por el momento no representa una amenaza directa para Sonora, su posible trayectoria hacia la pen\u00ednsula de Baja California podr\u00eda cambiar ese panorama.<\/p>\n<p>&nbsp;<\/p>\n<p>\u201cSonora ya presenta lluvias debido al efecto del monz\u00f3n, pero la humedad aportada por Lorena podr\u00eda reforzar estas precipitaciones a partir del jueves. Si el sistema logra cruzar la pen\u00ednsula de Baja California y alcanzar el Golfo de California, el estado podr\u00eda registrar lluvias de moderadas a intensas, con acumulados que superar\u00edan los 100 mil\u00edmetros, especialmente en zonas costeras\u201d, coment\u00f3.<\/p>\n<p>&nbsp;<\/p>\n<p>Adem\u00e1s, se prev\u00e9 un descenso en las temperaturas m\u00e1ximas debido a la presencia de nublados m\u00e1s constantes, alej\u00e1ndose de los 40 \u00b0C registrados recientemente.<\/p>\n<p>&nbsp;<\/p>\n<p>Lagarda V\u00e1zquez, se\u00f1al\u00f3 que, aunque estas lluvias podr\u00edan beneficiar los niveles de las presas en Sonora, tambi\u00e9n existe el riesgo de inundaciones localizadas.<\/p>\n","protected":false},"excerpt":{"rendered":"<p>Hermosillo, Sonora. La tormenta tropical Lorena, recientemente formada en el oc\u00e9ano Pac\u00edfico frente a las costas de Colima, podr\u00eda incrementar significativamente las lluvias en el estado de Sonora durante los pr\u00f3ximos d\u00edas. &nbsp; Gilberto Lagarda V\u00e1zquez, especialista t\u00e9cnico de la Comisi\u00f3n Nacional del Agua (Conagua), inform\u00f3 que de acuerdo con el Servicio Meteorol\u00f3gico Nacional, el [&hellip;]<\/p>\n","protected":false},"author":2,"featured_media":228449,"comment_status":"closed","ping_status":"closed","sticky":false,"template":"","format":"standard","meta":{"footnotes":""},"categories":[12870,178],"tags":[12865,12869],"class_list":["post-228448","post","type-post","status-publish","format-standard","has-post-thumbnail","hentry","category-destacadas","category-local","tag-destacadas","tag-local"],"jetpack_featured_media_url":"https:\/\/rnoticias.com.mx\/Portal\/wp-content\/uploads\/2025\/09\/ciclon-lorena-3937ea75-focus-0-0-608-342.webp","amp_enabled":true,"_links":{"self":[{"href":"https:\/\/rnoticias.com.mx\/Portal\/wp-json\/wp\/v2\/posts\/228448","targetHints":{"allow":["GET"]}}],"collection":[{"href":"https:\/\/rnoticias.com.mx\/Portal\/wp-json\/wp\/v2\/posts"}],"about":[{"href":"https:\/\/rnoticias.com.mx\/Portal\/wp-json\/wp\/v2\/types\/post"}],"author":[{"embeddable":true,"href":"https:\/\/rnoticias.com.mx\/Portal\/wp-json\/wp\/v2\/users\/2"}],"replies":[{"embeddable":true,"href":"https:\/\/rnoticias.com.mx\/Portal\/wp-json\/wp\/v2\/comments?post=228448"}],"version-history":[{"count":1,"href":"https:\/\/rnoticias.com.mx\/Portal\/wp-json\/wp\/v2\/posts\/228448\/revisions"}],"predecessor-version":[{"id":228450,"href":"https:\/\/rnoticias.com.mx\/Portal\/wp-json\/wp\/v2\/posts\/228448\/revisions\/228450"}],"wp:featuredmedia":[{"embeddable":true,"href":"https:\/\/rnoticias.com.mx\/Portal\/wp-json\/wp\/v2\/media\/228449"}],"wp:attachment":[{"href":"https:\/\/rnoticias.com.mx\/Portal\/wp-json\/wp\/v2\/media?parent=228448"}],"wp:term":[{"taxonomy":"category","embeddable":true,"href":"https:\/\/rnoticias.com.mx\/Portal\/wp-json\/wp\/v2\/categories?post=228448"},{"taxonomy":"post_tag","embeddable":true,"href":"https:\/\/rnoticias.com.mx\/Portal\/wp-json\/wp\/v2\/tags?post=228448"}],"curies":[{"name":"wp","href":"https:\/\/api.w.org\/{rel}","templated":true}]}}