{"id":228432,"date":"2025-09-02T16:44:14","date_gmt":"2025-09-02T23:44:14","guid":{"rendered":"https:\/\/rnoticias.com.mx\/Portal\/?p=228432"},"modified":"2025-09-02T16:44:14","modified_gmt":"2025-09-02T23:44:14","slug":"la-seleccion-mexicana-victima-de-la-delincuencia-en-oakland","status":"publish","type":"post","link":"https:\/\/rnoticias.com.mx\/Portal\/2025\/09\/02\/la-seleccion-mexicana-victima-de-la-delincuencia-en-oakland\/","title":{"rendered":"La Selecci\u00f3n Mexicana, v\u00edctima de la delincuencia en Oakland"},"content":{"rendered":"<p><strong>La inseguridad que aqueja a la zona de Oakland, California, alcanz\u00f3 a la Selecci\u00f3n Mexicana de futbol\u00a0<\/strong>y, a una parte de la prensa nacional, en la v\u00edspera del partido amistoso contra Jap\u00f3n que se disputar\u00e1 el pr\u00f3ximo s\u00e1bado 6 de septiembre.<\/p>\n<p>De acuerdo con reportes desde Estados Unidos,\u00a0<mark><strong>el combinado Tricolor sufri\u00f3 un robo luego de que sujetos desconocidos forzaran el candado de uno de los transportes del equipo, estacionado en las inmediaciones del hotel de concentraci\u00f3n.<\/strong><\/mark>\u00a0Los perpetradores se llevaron un ba\u00fal de utiler\u00eda que conten\u00eda material de entrenamiento, aunque sin afectar directamente a jugadores, cuerpo t\u00e9cnico o utileros.<\/p>\n<p><i>\u201cSolo se robaron algunas cosas para entrenar\u201d,\u00a0<\/i>trascendi\u00f3 desde la delegaci\u00f3n mexicana, que confirm\u00f3 que no hubo personas lesionadas y que el incidente qued\u00f3 \u00fanicamente en p\u00e9rdidas materiales.<\/p>\n<p>No solo el Tri fue blanco de la delincuencia.<strong>\u00a0Tambi\u00e9n se reportaron casos de periodistas que acompa\u00f1an a la Selecci\u00f3n y que sufrieron robos de equipo de trabajo,<\/strong>\u00a0lo que ha encendido la preocupaci\u00f3n entre la delegaci\u00f3n mexicana y los medios de comunicaci\u00f3n que cubren la gira.<\/p>\n<p>Este episodio ocurre en la antesala de un par de compromisos para el equipo dirigido por Javier Aguirre en esta Fecha FIFA de septiembre, con miras a la Copa del Mundo 2026.<\/p>\n<p><mark><strong>El primero ser\u00e1 frente a Jap\u00f3n este s\u00e1bado a las 20:00 horas,<\/strong><\/mark>\u00a0en el que se revivir\u00e1 el antecedente del \u00faltimo choque entre ambas selecciones, disputado en noviembre de 2020 en Austria,\u00a0<strong>con triunfo 0-2 para M\u00e9xico gracias a los goles de Ra\u00fal Jim\u00e9nez e Hirving \u201cChucky\u201d Lozano.<\/strong><\/p>\n<p>La Federaci\u00f3n Mexicana de Futbol analiza reforzar medidas de seguridad para el resto de la concentraci\u00f3n, con el objetivo de evitar que la delincuencia vuelva a empa\u00f1ar la preparaci\u00f3n del Tricolor.<\/p>\n","protected":false},"excerpt":{"rendered":"<p>La inseguridad que aqueja a la zona de Oakland, California, alcanz\u00f3 a la Selecci\u00f3n Mexicana de futbol\u00a0y, a una parte de la prensa nacional, en la v\u00edspera del partido amistoso contra Jap\u00f3n que se disputar\u00e1 el pr\u00f3ximo s\u00e1bado 6 de septiembre. De acuerdo con reportes desde Estados Unidos,\u00a0el combinado Tricolor sufri\u00f3 un robo luego de [&hellip;]<\/p>\n","protected":false},"author":2,"featured_media":228433,"comment_status":"closed","ping_status":"closed","sticky":false,"template":"","format":"standard","meta":{"footnotes":""},"categories":[188,12870],"tags":[5231,12865],"class_list":["post-228432","post","type-post","status-publish","format-standard","has-post-thumbnail","hentry","category-deportes","category-destacadas","tag-deportes","tag-destacadas"],"jetpack_featured_media_url":"https:\/\/rnoticias.com.mx\/Portal\/wp-content\/uploads\/2025\/09\/fotos-HC-36.png","amp_enabled":true,"_links":{"self":[{"href":"https:\/\/rnoticias.com.mx\/Portal\/wp-json\/wp\/v2\/posts\/228432","targetHints":{"allow":["GET"]}}],"collection":[{"href":"https:\/\/rnoticias.com.mx\/Portal\/wp-json\/wp\/v2\/posts"}],"about":[{"href":"https:\/\/rnoticias.com.mx\/Portal\/wp-json\/wp\/v2\/types\/post"}],"author":[{"embeddable":true,"href":"https:\/\/rnoticias.com.mx\/Portal\/wp-json\/wp\/v2\/users\/2"}],"replies":[{"embeddable":true,"href":"https:\/\/rnoticias.com.mx\/Portal\/wp-json\/wp\/v2\/comments?post=228432"}],"version-history":[{"count":1,"href":"https:\/\/rnoticias.com.mx\/Portal\/wp-json\/wp\/v2\/posts\/228432\/revisions"}],"predecessor-version":[{"id":228434,"href":"https:\/\/rnoticias.com.mx\/Portal\/wp-json\/wp\/v2\/posts\/228432\/revisions\/228434"}],"wp:featuredmedia":[{"embeddable":true,"href":"https:\/\/rnoticias.com.mx\/Portal\/wp-json\/wp\/v2\/media\/228433"}],"wp:attachment":[{"href":"https:\/\/rnoticias.com.mx\/Portal\/wp-json\/wp\/v2\/media?parent=228432"}],"wp:term":[{"taxonomy":"category","embeddable":true,"href":"https:\/\/rnoticias.com.mx\/Portal\/wp-json\/wp\/v2\/categories?post=228432"},{"taxonomy":"post_tag","embeddable":true,"href":"https:\/\/rnoticias.com.mx\/Portal\/wp-json\/wp\/v2\/tags?post=228432"}],"curies":[{"name":"wp","href":"https:\/\/api.w.org\/{rel}","templated":true}]}}