{"id":228418,"date":"2025-09-01T19:26:20","date_gmt":"2025-09-02T02:26:20","guid":{"rendered":"https:\/\/rnoticias.com.mx\/Portal\/?p=228418"},"modified":"2025-09-01T19:26:20","modified_gmt":"2025-09-02T02:26:20","slug":"familia-aguilar-se-disculpa-con-emiliano-por-burlarse-de-el-usando-la-foto-de-su-perro","status":"publish","type":"post","link":"https:\/\/rnoticias.com.mx\/Portal\/2025\/09\/01\/familia-aguilar-se-disculpa-con-emiliano-por-burlarse-de-el-usando-la-foto-de-su-perro\/","title":{"rendered":"Familia Aguilar se disculpa con Emiliano por &#8220;burlarse de \u00e9l&#8221; usando la foto de su perro"},"content":{"rendered":"<p>La reconocida dinast\u00eda Aguilar, una de las m\u00e1s influyentes dentro del g\u00e9nero regional mexicano, se vio envuelta en una controversia el pasado fin de semana, luego de que en la cuenta oficial de<strong>\u00a0la mascota de la familia se compartiera una fotograf\u00eda<\/strong>\u00a0<strong>que hac\u00eda alusi\u00f3n a Emiliano Aguilar, hijo mayor de Pepe Aguilar.<\/strong><\/p>\n<p>La imagen mostraba a\u00a0<strong>Gordo, el pug del cantante,<\/strong>\u00a0<strong>colocado en el mismo espacio donde Emiliano suele grabar sus videos.\u00a0<\/strong>La publicaci\u00f3n gener\u00f3 reacciones inmediatas, sobre todo porque el joven ha manifestado en diversas ocasiones su<mark>\u00a0distanciamiento con su padre y con sus hermanos.<\/mark><\/p>\n<p>Tras la difusi\u00f3n de la foto, Emiliano respondi\u00f3 con una edici\u00f3n donde\u00a0<mark>aparec\u00eda toda la familia Aguilar con rostros de perro.\u00a0<\/mark>Ante esto, desde la cuenta de la mascota se emiti\u00f3 un mensaje p\u00fablico en el que\u00a0<strong>se ofrecieron disculpas, adem\u00e1s de eliminar la publicaci\u00f3n original.<\/strong><\/p>\n<div class=\" b2\"><\/div>\n<h2>El comunicado de disculpa<\/h2>\n<p>En el pronunciamiento, escrito en primera persona como si lo hubiera redactado el propio Gordo, se expres\u00f3:<\/p>\n<p><i><strong>&#8220;Quiero ofrecer una disculpa por el post que sub\u00ed, que evidentemente ofendi\u00f3 a miembros de mi familia. La publicaci\u00f3n que sali\u00f3 recientemente en esta cuenta fue de mal gusto, no reflej\u00f3 la educaci\u00f3n que me dio mi pap\u00e1 y no representa lo que esta cuenta quiere compartir. No quiero justificarme, pero s\u00ed ser honesto: al inicio esta cuenta la manejaba mi pap\u00e1. Luego, un equipo me empez\u00f3 a ayudar con las publicaciones (porque ser un perro influencer no es tarea f\u00e1cil) y ya saben, a veces suben cosas sin preguntarle ni a \u00e9l ni a m\u00ed.&#8221;<\/strong><\/i><\/p>\n<p>El mismo comunicado aclar\u00f3 que la intenci\u00f3n detr\u00e1s de la imagen era\u00a0<mark>responder a comentarios de Emiliano hacia sus hermanos,<\/mark>\u00a0pero se reconoci\u00f3 que la forma de hacerlo fue equivocada.<\/p>\n<p><i><strong>&#8220;Me enoj\u00e9 de ver a mi hermano hablar mal, una y otra vez, de mis otros hermanos&#8230; y de mi pap\u00e1. Me dije: &#8216;si \u00e9l lo hace, yo tambi\u00e9n puedo hacerlo.&#8217; Y ah\u00ed me equivoqu\u00e9. Porque al hacer lo mismo que me duele que \u00e9l haga&#8230; me convert\u00ed en eso que cr\u00edtico. Y eso no es lo que somos. Eso no es lo que me ense\u00f1aron. Eso no es lo que quiero ser.&#8221;<\/strong><\/i><\/p>\n<div class=\"div-pos-7\"><\/div>\n<h2>Cr\u00edticas en redes<\/h2>\n<p>La publicaci\u00f3n fue considerada por muchos usuarios como\u00a0<strong>un acto de ciberacoso,\u00a0<\/strong>lo que gener\u00f3 a\u00fan m\u00e1s comentarios negativos, especialmente porque\u00a0<mark>Pepe Aguilar en diferentes ocasiones se ha manifestado en contra de este tipo de conductas en internet.<\/mark><\/p>\n<p>Con este mensaje de disculpa, la familia intent\u00f3 poner fin a la pol\u00e9mica, aunque\u00a0<strong>la tensi\u00f3n entre Emiliano y el resto de los Aguilar volvi\u00f3 a quedar expuesta en el ojo p\u00fablico.<\/strong><\/p>\n","protected":false},"excerpt":{"rendered":"<p>La reconocida dinast\u00eda Aguilar, una de las m\u00e1s influyentes dentro del g\u00e9nero regional mexicano, se vio envuelta en una controversia el pasado fin de semana, luego de que en la cuenta oficial de\u00a0la mascota de la familia se compartiera una fotograf\u00eda\u00a0que hac\u00eda alusi\u00f3n a Emiliano Aguilar, hijo mayor de Pepe Aguilar. La imagen mostraba a\u00a0Gordo, [&hellip;]<\/p>\n","protected":false},"author":2,"featured_media":228419,"comment_status":"closed","ping_status":"closed","sticky":false,"template":"","format":"standard","meta":{"footnotes":""},"categories":[12870,219],"tags":[12865,12875],"class_list":["post-228418","post","type-post","status-publish","format-standard","has-post-thumbnail","hentry","category-destacadas","category-espectaculos","tag-destacadas","tag-espectaculos"],"jetpack_featured_media_url":"https:\/\/rnoticias.com.mx\/Portal\/wp-content\/uploads\/2025\/09\/descarga-1.png","amp_enabled":true,"_links":{"self":[{"href":"https:\/\/rnoticias.com.mx\/Portal\/wp-json\/wp\/v2\/posts\/228418","targetHints":{"allow":["GET"]}}],"collection":[{"href":"https:\/\/rnoticias.com.mx\/Portal\/wp-json\/wp\/v2\/posts"}],"about":[{"href":"https:\/\/rnoticias.com.mx\/Portal\/wp-json\/wp\/v2\/types\/post"}],"author":[{"embeddable":true,"href":"https:\/\/rnoticias.com.mx\/Portal\/wp-json\/wp\/v2\/users\/2"}],"replies":[{"embeddable":true,"href":"https:\/\/rnoticias.com.mx\/Portal\/wp-json\/wp\/v2\/comments?post=228418"}],"version-history":[{"count":1,"href":"https:\/\/rnoticias.com.mx\/Portal\/wp-json\/wp\/v2\/posts\/228418\/revisions"}],"predecessor-version":[{"id":228420,"href":"https:\/\/rnoticias.com.mx\/Portal\/wp-json\/wp\/v2\/posts\/228418\/revisions\/228420"}],"wp:featuredmedia":[{"embeddable":true,"href":"https:\/\/rnoticias.com.mx\/Portal\/wp-json\/wp\/v2\/media\/228419"}],"wp:attachment":[{"href":"https:\/\/rnoticias.com.mx\/Portal\/wp-json\/wp\/v2\/media?parent=228418"}],"wp:term":[{"taxonomy":"category","embeddable":true,"href":"https:\/\/rnoticias.com.mx\/Portal\/wp-json\/wp\/v2\/categories?post=228418"},{"taxonomy":"post_tag","embeddable":true,"href":"https:\/\/rnoticias.com.mx\/Portal\/wp-json\/wp\/v2\/tags?post=228418"}],"curies":[{"name":"wp","href":"https:\/\/api.w.org\/{rel}","templated":true}]}}