{"id":228412,"date":"2025-09-01T19:17:25","date_gmt":"2025-09-02T02:17:25","guid":{"rendered":"https:\/\/rnoticias.com.mx\/Portal\/?p=228412"},"modified":"2025-09-01T19:17:25","modified_gmt":"2025-09-02T02:17:25","slug":"gobierno-de-sonora-reune-a-familias-con-actividades-educativas-artisticas-y-ambientales-en-el-bosque-urbano-la-sauceda","status":"publish","type":"post","link":"https:\/\/rnoticias.com.mx\/Portal\/2025\/09\/01\/gobierno-de-sonora-reune-a-familias-con-actividades-educativas-artisticas-y-ambientales-en-el-bosque-urbano-la-sauceda\/","title":{"rendered":"Gobierno de Sonora re\u00fane a familias con actividades educativas, art\u00edsticas y ambientales en el Bosque Urbano La Sauceda"},"content":{"rendered":"<p align=\"justify\">Hermosillo, Sonora; 1 de septiembre de 2025.\u2013 El Gobierno de Sonora, a trav\u00e9s del Bosque Urbano La Sauceda, llev\u00f3 a cabo un fin de semana lleno de actividades culturales, educativas y ambientales que reunieron a la comunidad en un espacio de convivencia y aprendizaje.<\/p>\n<p align=\"justify\">El viernes se realiz\u00f3 el Econversando: \u201cDinosaurios mexicanos, la historia jam\u00e1s contada en las enciclopedias\u201d, impartido por la bi\u00f3loga Paula Egl\u00e9 Mungarro Gonz\u00e1lez, donde se abordaron los descubrimientos de dinosaurios en M\u00e9xico y su importancia en la paleontolog\u00eda. Ese mismo d\u00eda, adolescentes y adultos participaron en el Taller de Danza A\u00e9rea, una experiencia que permiti\u00f3 desarrollar habilidades acrob\u00e1ticas en el aire de manera divertida y disciplinada.<\/p>\n<p align=\"justify\">El s\u00e1bado iniciaron las jornadas de limpieza y reforestaci\u00f3n, con el apoyo de voluntarios comprometidos con el cuidado del bosque urbano.<\/p>\n<p align=\"justify\">Tambi\u00e9n se llev\u00f3 a cabo el Taller de Danza A\u00e9rea para ni\u00f1as y ni\u00f1os, que foment\u00f3 la creatividad, la confianza y la expresi\u00f3n corporal desde temprana edad, as\u00ed como el Taller de Cer\u00e1mica Sonorense, en el que los participantes conocieron y practicaron t\u00e9cnicas tradicionales.<\/p>\n<p align=\"justify\">El domingo continuaron las jornadas de reforestaci\u00f3n y se vivi\u00f3 el Domingo Chill, un concierto al aire libre con la participaci\u00f3n de alumnos del maestro y vocal coach Juli\u00e1n Garc\u00eda, quienes presentaron covers y composiciones originales, cerrando el fin de semana con m\u00fasica y buena vibra.<\/p>\n<p align=\"justify\">Con estas acciones, el Gobierno de Sonora reafirma su compromiso con promover el cuidado del medio ambiente y la promoci\u00f3n de actividades culturales, art\u00edsticas y educativas que fortalecen el sentido de comunidad en el Bosque Urbano La Sauceda.<\/p>\n","protected":false},"excerpt":{"rendered":"<p>Hermosillo, Sonora; 1 de septiembre de 2025.\u2013 El Gobierno de Sonora, a trav\u00e9s del Bosque Urbano La Sauceda, llev\u00f3 a cabo un fin de semana lleno de actividades culturales, educativas y ambientales que reunieron a la comunidad en un espacio de convivencia y aprendizaje. El viernes se realiz\u00f3 el Econversando: \u201cDinosaurios mexicanos, la historia jam\u00e1s [&hellip;]<\/p>\n","protected":false},"author":2,"featured_media":228413,"comment_status":"closed","ping_status":"closed","sticky":false,"template":"","format":"standard","meta":{"footnotes":""},"categories":[178],"tags":[12869],"class_list":["post-228412","post","type-post","status-publish","format-standard","has-post-thumbnail","hentry","category-local","tag-local"],"jetpack_featured_media_url":"https:\/\/rnoticias.com.mx\/Portal\/wp-content\/uploads\/2025\/09\/564ted.jpg","amp_enabled":true,"_links":{"self":[{"href":"https:\/\/rnoticias.com.mx\/Portal\/wp-json\/wp\/v2\/posts\/228412","targetHints":{"allow":["GET"]}}],"collection":[{"href":"https:\/\/rnoticias.com.mx\/Portal\/wp-json\/wp\/v2\/posts"}],"about":[{"href":"https:\/\/rnoticias.com.mx\/Portal\/wp-json\/wp\/v2\/types\/post"}],"author":[{"embeddable":true,"href":"https:\/\/rnoticias.com.mx\/Portal\/wp-json\/wp\/v2\/users\/2"}],"replies":[{"embeddable":true,"href":"https:\/\/rnoticias.com.mx\/Portal\/wp-json\/wp\/v2\/comments?post=228412"}],"version-history":[{"count":1,"href":"https:\/\/rnoticias.com.mx\/Portal\/wp-json\/wp\/v2\/posts\/228412\/revisions"}],"predecessor-version":[{"id":228414,"href":"https:\/\/rnoticias.com.mx\/Portal\/wp-json\/wp\/v2\/posts\/228412\/revisions\/228414"}],"wp:featuredmedia":[{"embeddable":true,"href":"https:\/\/rnoticias.com.mx\/Portal\/wp-json\/wp\/v2\/media\/228413"}],"wp:attachment":[{"href":"https:\/\/rnoticias.com.mx\/Portal\/wp-json\/wp\/v2\/media?parent=228412"}],"wp:term":[{"taxonomy":"category","embeddable":true,"href":"https:\/\/rnoticias.com.mx\/Portal\/wp-json\/wp\/v2\/categories?post=228412"},{"taxonomy":"post_tag","embeddable":true,"href":"https:\/\/rnoticias.com.mx\/Portal\/wp-json\/wp\/v2\/tags?post=228412"}],"curies":[{"name":"wp","href":"https:\/\/api.w.org\/{rel}","templated":true}]}}