{"id":228409,"date":"2025-09-01T19:16:46","date_gmt":"2025-09-02T02:16:46","guid":{"rendered":"https:\/\/rnoticias.com.mx\/Portal\/?p=228409"},"modified":"2025-09-01T19:16:46","modified_gmt":"2025-09-02T02:16:46","slug":"comparten-grupos-de-la-pesp-del-gobierno-de-sonora-mochilas-y-utiles-escolares","status":"publish","type":"post","link":"https:\/\/rnoticias.com.mx\/Portal\/2025\/09\/01\/comparten-grupos-de-la-pesp-del-gobierno-de-sonora-mochilas-y-utiles-escolares\/","title":{"rendered":"Comparten grupos de la PESP del Gobierno de Sonora mochilas y \u00fatiles escolares"},"content":{"rendered":"<p align=\"justify\">Hermosillo, Sonora; 1 de septiembre de 2025.- Grupos operativos de la Secretar\u00eda de Seguridad P\u00fablica (SSP) del Gobierno de Sonora compartieron mochilas y materiales en beneficio de ni\u00f1as y ni\u00f1os estudiantes de la comunidad Tohono O&#8217;odham, al norte del estado.<\/p>\n<p align=\"justify\">Oficiales de la Polic\u00eda Estatal de Seguridad P\u00fablica (PESP) de las diferentes bases operativas se organizaron y adquirieron materiales con sus propios recursos para distribuirlos en beneficio de la ni\u00f1ez de las comunidades de General Plutarco El\u00edas Calles, Puerto Pe\u00f1asco, Pitiquito, Hermosillo, Caborca y otros municipios, previo al regreso a clases.<\/p>\n<p align=\"justify\">Esta labor benefici\u00f3 a m\u00e1s de 170 estudiantes de distintos niveles educativos, como parte de las acciones de proximidad que promueve la Polic\u00eda Estatal y el trabajo operativo que mantiene la corporaci\u00f3n en la regi\u00f3n norte de Sonora.<\/p>\n<p align=\"justify\">Apoyando a la ni\u00f1ez en su regreso a clases, la corporaci\u00f3n colabora en patrullajes preventivos con las autoridades de los tres niveles de gobierno para vigilar los sectores escolares, incorpor\u00e1ndose en honores a la Bandera y sumando m\u00e1s promotores de la paz.<\/p>\n","protected":false},"excerpt":{"rendered":"<p>Hermosillo, Sonora; 1 de septiembre de 2025.- Grupos operativos de la Secretar\u00eda de Seguridad P\u00fablica (SSP) del Gobierno de Sonora compartieron mochilas y materiales en beneficio de ni\u00f1as y ni\u00f1os estudiantes de la comunidad Tohono O&#8217;odham, al norte del estado. Oficiales de la Polic\u00eda Estatal de Seguridad P\u00fablica (PESP) de las diferentes bases operativas se [&hellip;]<\/p>\n","protected":false},"author":2,"featured_media":228410,"comment_status":"closed","ping_status":"closed","sticky":false,"template":"","format":"standard","meta":{"footnotes":""},"categories":[178],"tags":[12869],"class_list":["post-228409","post","type-post","status-publish","format-standard","has-post-thumbnail","hentry","category-local","tag-local"],"jetpack_featured_media_url":"https:\/\/rnoticias.com.mx\/Portal\/wp-content\/uploads\/2025\/09\/24ead.jpg","amp_enabled":true,"_links":{"self":[{"href":"https:\/\/rnoticias.com.mx\/Portal\/wp-json\/wp\/v2\/posts\/228409","targetHints":{"allow":["GET"]}}],"collection":[{"href":"https:\/\/rnoticias.com.mx\/Portal\/wp-json\/wp\/v2\/posts"}],"about":[{"href":"https:\/\/rnoticias.com.mx\/Portal\/wp-json\/wp\/v2\/types\/post"}],"author":[{"embeddable":true,"href":"https:\/\/rnoticias.com.mx\/Portal\/wp-json\/wp\/v2\/users\/2"}],"replies":[{"embeddable":true,"href":"https:\/\/rnoticias.com.mx\/Portal\/wp-json\/wp\/v2\/comments?post=228409"}],"version-history":[{"count":1,"href":"https:\/\/rnoticias.com.mx\/Portal\/wp-json\/wp\/v2\/posts\/228409\/revisions"}],"predecessor-version":[{"id":228411,"href":"https:\/\/rnoticias.com.mx\/Portal\/wp-json\/wp\/v2\/posts\/228409\/revisions\/228411"}],"wp:featuredmedia":[{"embeddable":true,"href":"https:\/\/rnoticias.com.mx\/Portal\/wp-json\/wp\/v2\/media\/228410"}],"wp:attachment":[{"href":"https:\/\/rnoticias.com.mx\/Portal\/wp-json\/wp\/v2\/media?parent=228409"}],"wp:term":[{"taxonomy":"category","embeddable":true,"href":"https:\/\/rnoticias.com.mx\/Portal\/wp-json\/wp\/v2\/categories?post=228409"},{"taxonomy":"post_tag","embeddable":true,"href":"https:\/\/rnoticias.com.mx\/Portal\/wp-json\/wp\/v2\/tags?post=228409"}],"curies":[{"name":"wp","href":"https:\/\/api.w.org\/{rel}","templated":true}]}}