{"id":228406,"date":"2025-09-01T19:16:03","date_gmt":"2025-09-02T02:16:03","guid":{"rendered":"https:\/\/rnoticias.com.mx\/Portal\/?p=228406"},"modified":"2025-09-01T19:16:03","modified_gmt":"2025-09-02T02:16:03","slug":"cumple-gobernador-durazo-con-solicitud-de-la-comunidad-de-rancho-viejo-de-abrir-una-preparatoria-cecyte","status":"publish","type":"post","link":"https:\/\/rnoticias.com.mx\/Portal\/2025\/09\/01\/cumple-gobernador-durazo-con-solicitud-de-la-comunidad-de-rancho-viejo-de-abrir-una-preparatoria-cecyte\/","title":{"rendered":"Cumple gobernador Durazo con solicitud de la comunidad de Rancho Viejo de abrir una preparatoria: Cecyte"},"content":{"rendered":"<p align=\"justify\">Ures, Sonora; 1 de septiembre de 2025.- Como parte del compromiso del gobernador Alfonso Durazo de ampliar la cobertura educativa en todos los niveles, el Colegio de Estudios Cient\u00edficos y Tecnol\u00f3gicos del Estado de Sonora (Cecyte) cuenta con un nuevo Telebachillerato Comunitario en Rancho Viejo, comisar\u00eda del municipio de Ures.<\/p>\n<p align=\"justify\">La apertura de este nuevo telebachillerato responde a la petici\u00f3n de las familias de la regi\u00f3n, quienes buscaban una opci\u00f3n educativa de nivel medio superior cercana a sus hogares para evitar largos traslados a otras comunidades.<\/p>\n<p align=\"justify\">La directora general de Cecyte Sonora, Blanca Aurelia Valenzuela, mencion\u00f3 que este esfuerzo forma parte de la estrategia del Gobierno de Sonora de ampliar la cobertura en zonas rurales y alejadas, donde las y los j\u00f3venes enfrentan mayores retos para acceder a la educaci\u00f3n.<\/p>\n<p align=\"justify\">Con esta acci\u00f3n, se garantiza el acceso y permanencia de los j\u00f3venes en las aulas, cumpliendo con su deseo de continuar con sus estudios y ahora podr\u00e1n hacerlo en su propio lugar de origen.<\/p>\n<p align=\"justify\">Durante la ceremonia de inauguraci\u00f3n se entreg\u00f3 un reconocimiento a la presidenta ejidal, Diana Laura Villegas Coronado, y a toda la comunidad de Rancho Viejo por su participaci\u00f3n y gesti\u00f3n constante para que este proyecto fuera una realidad.<\/p>\n","protected":false},"excerpt":{"rendered":"<p>Ures, Sonora; 1 de septiembre de 2025.- Como parte del compromiso del gobernador Alfonso Durazo de ampliar la cobertura educativa en todos los niveles, el Colegio de Estudios Cient\u00edficos y Tecnol\u00f3gicos del Estado de Sonora (Cecyte) cuenta con un nuevo Telebachillerato Comunitario en Rancho Viejo, comisar\u00eda del municipio de Ures. La apertura de este nuevo [&hellip;]<\/p>\n","protected":false},"author":2,"featured_media":228407,"comment_status":"closed","ping_status":"closed","sticky":false,"template":"","format":"standard","meta":{"footnotes":""},"categories":[174],"tags":[12873],"class_list":["post-228406","post","type-post","status-publish","format-standard","has-post-thumbnail","hentry","category-estatal","tag-estatal"],"jetpack_featured_media_url":"https:\/\/rnoticias.com.mx\/Portal\/wp-content\/uploads\/2025\/09\/90a.jpg","amp_enabled":true,"_links":{"self":[{"href":"https:\/\/rnoticias.com.mx\/Portal\/wp-json\/wp\/v2\/posts\/228406","targetHints":{"allow":["GET"]}}],"collection":[{"href":"https:\/\/rnoticias.com.mx\/Portal\/wp-json\/wp\/v2\/posts"}],"about":[{"href":"https:\/\/rnoticias.com.mx\/Portal\/wp-json\/wp\/v2\/types\/post"}],"author":[{"embeddable":true,"href":"https:\/\/rnoticias.com.mx\/Portal\/wp-json\/wp\/v2\/users\/2"}],"replies":[{"embeddable":true,"href":"https:\/\/rnoticias.com.mx\/Portal\/wp-json\/wp\/v2\/comments?post=228406"}],"version-history":[{"count":1,"href":"https:\/\/rnoticias.com.mx\/Portal\/wp-json\/wp\/v2\/posts\/228406\/revisions"}],"predecessor-version":[{"id":228408,"href":"https:\/\/rnoticias.com.mx\/Portal\/wp-json\/wp\/v2\/posts\/228406\/revisions\/228408"}],"wp:featuredmedia":[{"embeddable":true,"href":"https:\/\/rnoticias.com.mx\/Portal\/wp-json\/wp\/v2\/media\/228407"}],"wp:attachment":[{"href":"https:\/\/rnoticias.com.mx\/Portal\/wp-json\/wp\/v2\/media?parent=228406"}],"wp:term":[{"taxonomy":"category","embeddable":true,"href":"https:\/\/rnoticias.com.mx\/Portal\/wp-json\/wp\/v2\/categories?post=228406"},{"taxonomy":"post_tag","embeddable":true,"href":"https:\/\/rnoticias.com.mx\/Portal\/wp-json\/wp\/v2\/tags?post=228406"}],"curies":[{"name":"wp","href":"https:\/\/api.w.org\/{rel}","templated":true}]}}