{"id":228403,"date":"2025-09-01T19:15:18","date_gmt":"2025-09-02T02:15:18","guid":{"rendered":"https:\/\/rnoticias.com.mx\/Portal\/?p=228403"},"modified":"2025-09-01T19:15:18","modified_gmt":"2025-09-02T02:15:18","slug":"incluye-gobierno-de-sonora-prevencion-de-violencias-y-adicciones-entre-ninez-y-juventud","status":"publish","type":"post","link":"https:\/\/rnoticias.com.mx\/Portal\/2025\/09\/01\/incluye-gobierno-de-sonora-prevencion-de-violencias-y-adicciones-entre-ninez-y-juventud\/","title":{"rendered":"Incluye Gobierno de Sonora prevenci\u00f3n de violencias y adicciones entre ni\u00f1ez y juventud"},"content":{"rendered":"<p align=\"justify\">Hermosillo, Sonora; 1 de septiembre de 2025.- Con el inicio del ciclo escolar, el Gobierno de Sonora anunci\u00f3 que reforzar\u00e1 las acciones para prevenir violencias y adicciones, as\u00ed como la promoci\u00f3n de la Cultura de la Paz en centros educativos, con la intervenci\u00f3n del personal de la Secretar\u00eda de Seguridad P\u00fablica (SSP).<\/p>\n<p align=\"justify\">Para visibilizar entre ni\u00f1as, ni\u00f1os y adolescentes temas de importancia como el rechazo al bullying y al maltrato animal, la prevenci\u00f3n de delitos cibern\u00e9ticos, la concientizaci\u00f3n sobre los da\u00f1os a la salud por el uso de vapeadores y el fomento de valores como el respeto, se trabajar\u00e1 coordinadamente con autoridades escolares desde los primeros d\u00edas de clases.<\/p>\n<p align=\"justify\">A trav\u00e9s del Centro Estatal de Prevenci\u00f3n del Delito y Participaci\u00f3n Ciudadana, se coordinar\u00e1n acciones para acercar estas tem\u00e1ticas a las aulas de escuelas ubicadas principalmente en pol\u00edgonos focalizados donde opera la Jornada Permanente por la Paz, como Cajeme, Caborca, Cananea, Nogales, Guaymas, Empalme, Navojoa, Huatabampo, San Luis R\u00edo Colorado y Hermosillo.<\/p>\n<p align=\"justify\">La SSP Sonora indic\u00f3 que continuar\u00e1 convocando a la ni\u00f1ez y juventud a participar en la creaci\u00f3n de entornos seguros como agentes promotores de la paz, tanto en sus hogares como en sus escuelas. Asimismo, se aconsejar\u00e1 utilizar con responsabilidad la l\u00ednea de emergencias 9-1-1 y el 089 de denuncia an\u00f3nima.<\/p>\n<p align=\"justify\">Durante el presente ciclo se incluir\u00e1 la Escuela para Padres Promotores de Paz y la estrategia \u201cNo te alucines, te espera una vida mejor\u201d, dirigida a j\u00f3venes, mediante la cual se invita a la reflexi\u00f3n sobre las consecuencias de participar en actividades il\u00edcitas.<\/p>\n<p align=\"justify\">En este trabajo en centros educativos de Sonora tambi\u00e9n se sumar\u00e1n los equipos del Centro de Control, Comando, Comunicaci\u00f3n, C\u00f3mputo, Coordinaci\u00f3n e Inteligencia (C5I), Sistema de Atenci\u00f3n a la Violencia Familiar y de G\u00e9nero (SALVA), Polic\u00eda Estatal y la Unidad Cibern\u00e9tica.<\/p>\n","protected":false},"excerpt":{"rendered":"<p>Hermosillo, Sonora; 1 de septiembre de 2025.- Con el inicio del ciclo escolar, el Gobierno de Sonora anunci\u00f3 que reforzar\u00e1 las acciones para prevenir violencias y adicciones, as\u00ed como la promoci\u00f3n de la Cultura de la Paz en centros educativos, con la intervenci\u00f3n del personal de la Secretar\u00eda de Seguridad P\u00fablica (SSP). Para visibilizar entre [&hellip;]<\/p>\n","protected":false},"author":2,"featured_media":228404,"comment_status":"closed","ping_status":"closed","sticky":false,"template":"","format":"standard","meta":{"footnotes":""},"categories":[178],"tags":[12869],"class_list":["post-228403","post","type-post","status-publish","format-standard","has-post-thumbnail","hentry","category-local","tag-local"],"jetpack_featured_media_url":"https:\/\/rnoticias.com.mx\/Portal\/wp-content\/uploads\/2025\/09\/unnamed-2-2.jpg","amp_enabled":true,"_links":{"self":[{"href":"https:\/\/rnoticias.com.mx\/Portal\/wp-json\/wp\/v2\/posts\/228403","targetHints":{"allow":["GET"]}}],"collection":[{"href":"https:\/\/rnoticias.com.mx\/Portal\/wp-json\/wp\/v2\/posts"}],"about":[{"href":"https:\/\/rnoticias.com.mx\/Portal\/wp-json\/wp\/v2\/types\/post"}],"author":[{"embeddable":true,"href":"https:\/\/rnoticias.com.mx\/Portal\/wp-json\/wp\/v2\/users\/2"}],"replies":[{"embeddable":true,"href":"https:\/\/rnoticias.com.mx\/Portal\/wp-json\/wp\/v2\/comments?post=228403"}],"version-history":[{"count":1,"href":"https:\/\/rnoticias.com.mx\/Portal\/wp-json\/wp\/v2\/posts\/228403\/revisions"}],"predecessor-version":[{"id":228405,"href":"https:\/\/rnoticias.com.mx\/Portal\/wp-json\/wp\/v2\/posts\/228403\/revisions\/228405"}],"wp:featuredmedia":[{"embeddable":true,"href":"https:\/\/rnoticias.com.mx\/Portal\/wp-json\/wp\/v2\/media\/228404"}],"wp:attachment":[{"href":"https:\/\/rnoticias.com.mx\/Portal\/wp-json\/wp\/v2\/media?parent=228403"}],"wp:term":[{"taxonomy":"category","embeddable":true,"href":"https:\/\/rnoticias.com.mx\/Portal\/wp-json\/wp\/v2\/categories?post=228403"},{"taxonomy":"post_tag","embeddable":true,"href":"https:\/\/rnoticias.com.mx\/Portal\/wp-json\/wp\/v2\/tags?post=228403"}],"curies":[{"name":"wp","href":"https:\/\/api.w.org\/{rel}","templated":true}]}}