{"id":228394,"date":"2025-09-01T19:07:09","date_gmt":"2025-09-02T02:07:09","guid":{"rendered":"https:\/\/rnoticias.com.mx\/Portal\/?p=228394"},"modified":"2025-09-01T19:07:09","modified_gmt":"2025-09-02T02:07:09","slug":"mas-de-28-mil-alumnos-regresaron-a-clases-en-cobach-gobierno-de-sonora","status":"publish","type":"post","link":"https:\/\/rnoticias.com.mx\/Portal\/2025\/09\/01\/mas-de-28-mil-alumnos-regresaron-a-clases-en-cobach-gobierno-de-sonora\/","title":{"rendered":"M\u00e1s de 28 mil alumnos regresaron a clases en Cobach: Gobierno de Sonora"},"content":{"rendered":"<p>Hermosillo, Sonora, 1 de septiembre de 2025.-Con una asistencia bastante considerable de alumnas y alumnos, comenzaron hoy las clases en el Colegio de Bachilleres del Estado de Sonora (Cobach), dando as\u00ed inicio formal al ciclo escolar 2025-2026 de manera exitosa.<\/p>\n<p>Las aulas de los 30 planteles que este subsistema educativo tiene en la entidad se llenaron de alegr\u00eda con la llegada de m\u00e1s de 28 mil alumnos de los diversos semestres, entre ellos m\u00e1s de 10 mil de nuevo ingreso.<\/p>\n<p>El director general de Cobach, Rodrigo Arturo Rosas Burgos, destac\u00f3 que se registr\u00f3 una asistencia cercana al 100 por ciento de manera general en este primer d\u00eda de clases. No obstante que hubo lluvias generalizadas en todo el estado, &#8220;los reportes que tenemos son de una muy buena asistencia en todos los planteles, en los 30 del estado&#8221;, indic\u00f3.<\/p>\n<p>&#8220;Estamos muy contentos, hay mucha felicidad por la asistencia de los j\u00f3venes, le da mucha vida a los planteles&#8221;, expuso el directivo al enviar un mensaje de bienvenida para todos los estudiantes.<\/p>\n<p>Tambi\u00e9n resalt\u00f3 que este es un ciclo escolar muy especial porque el Colegio de Bachilleres cumple 50 a\u00f1os como instituci\u00f3n educativa en el estado y hay mucho entusiasmo por esta celebraci\u00f3n.<\/p>\n<p>El trabajo del Colegio de Bachilleres es reconocido por la sociedad y se consolida cada vez m\u00e1s con una mayor matr\u00edcula en educaci\u00f3n media superior y nuestro compromiso es atender a todos los j\u00f3venes que ya est\u00e1n inscritos, de la mejor manera, con una educaci\u00f3n de calidad, anot\u00f3 el funcionario.<\/p>\n","protected":false},"excerpt":{"rendered":"<p>Hermosillo, Sonora, 1 de septiembre de 2025.-Con una asistencia bastante considerable de alumnas y alumnos, comenzaron hoy las clases en el Colegio de Bachilleres del Estado de Sonora (Cobach), dando as\u00ed inicio formal al ciclo escolar 2025-2026 de manera exitosa. Las aulas de los 30 planteles que este subsistema educativo tiene en la entidad se [&hellip;]<\/p>\n","protected":false},"author":2,"featured_media":228395,"comment_status":"closed","ping_status":"closed","sticky":false,"template":"","format":"standard","meta":{"footnotes":""},"categories":[178],"tags":[12869],"class_list":["post-228394","post","type-post","status-publish","format-standard","has-post-thumbnail","hentry","category-local","tag-local"],"jetpack_featured_media_url":"https:\/\/rnoticias.com.mx\/Portal\/wp-content\/uploads\/2025\/09\/unnamed-2-1.jpg","amp_enabled":true,"_links":{"self":[{"href":"https:\/\/rnoticias.com.mx\/Portal\/wp-json\/wp\/v2\/posts\/228394","targetHints":{"allow":["GET"]}}],"collection":[{"href":"https:\/\/rnoticias.com.mx\/Portal\/wp-json\/wp\/v2\/posts"}],"about":[{"href":"https:\/\/rnoticias.com.mx\/Portal\/wp-json\/wp\/v2\/types\/post"}],"author":[{"embeddable":true,"href":"https:\/\/rnoticias.com.mx\/Portal\/wp-json\/wp\/v2\/users\/2"}],"replies":[{"embeddable":true,"href":"https:\/\/rnoticias.com.mx\/Portal\/wp-json\/wp\/v2\/comments?post=228394"}],"version-history":[{"count":1,"href":"https:\/\/rnoticias.com.mx\/Portal\/wp-json\/wp\/v2\/posts\/228394\/revisions"}],"predecessor-version":[{"id":228396,"href":"https:\/\/rnoticias.com.mx\/Portal\/wp-json\/wp\/v2\/posts\/228394\/revisions\/228396"}],"wp:featuredmedia":[{"embeddable":true,"href":"https:\/\/rnoticias.com.mx\/Portal\/wp-json\/wp\/v2\/media\/228395"}],"wp:attachment":[{"href":"https:\/\/rnoticias.com.mx\/Portal\/wp-json\/wp\/v2\/media?parent=228394"}],"wp:term":[{"taxonomy":"category","embeddable":true,"href":"https:\/\/rnoticias.com.mx\/Portal\/wp-json\/wp\/v2\/categories?post=228394"},{"taxonomy":"post_tag","embeddable":true,"href":"https:\/\/rnoticias.com.mx\/Portal\/wp-json\/wp\/v2\/tags?post=228394"}],"curies":[{"name":"wp","href":"https:\/\/api.w.org\/{rel}","templated":true}]}}