{"id":228385,"date":"2025-09-01T19:01:21","date_gmt":"2025-09-02T02:01:21","guid":{"rendered":"https:\/\/rnoticias.com.mx\/Portal\/?p=228385"},"modified":"2025-09-01T19:01:21","modified_gmt":"2025-09-02T02:01:21","slug":"peru-repudia-declaracion-de-sheinbaum-tras-solidarizarse-con-pedro-castillo","status":"publish","type":"post","link":"https:\/\/rnoticias.com.mx\/Portal\/2025\/09\/01\/peru-repudia-declaracion-de-sheinbaum-tras-solidarizarse-con-pedro-castillo\/","title":{"rendered":"Per\u00fa \u2018repudia\u2019 declaraci\u00f3n de Sheinbaum tras solidarizarse con Pedro Castillo"},"content":{"rendered":"<p>El\u00a0<strong>Ministerio de Relaciones Exteriores de Per\u00fa<\/strong>\u00a0se\u00f1al\u00f3 que la presidenta\u00a0<strong>Claudia Sheinbaum<\/strong>\u00a0tiene un total desconocimiento sobre el caso del\u00a0<strong>expresidente Pedro Castillo<\/strong>, procesado por el fallido intento de golpe de Estado de 2022, al aclarar que \u201cno es un perseguido pol\u00edtico, como lo asegur\u00f3 Sheinbaum.<\/p>\n<p>En un comunicado oficial publicado ayer s\u00e1bado, las autoridades de Per\u00fa expresaron su \u201crechazo absoluto\u201d a las recientes declaraciones de Sheinbaum que, aseguran, violan los principios de la\u00a0<strong>Carta de la Organizaci\u00f3n de Estados Americanos<\/strong>\u00a0(OEA).<\/p>\n<p>Cabe recordar que el viernes, a trav\u00e9s de sus redes sociales, Claudia Sheinbaum inform\u00f3 que recibi\u00f3 en\u00a0<strong>Palacio Nacional<\/strong>\u00a0a\u00a0<strong>Guido Croxatto<\/strong>, abogado de Pedro Castillo. En la publicaci\u00f3n, se solidariz\u00f3 con el expresidente de Per\u00fa acusando al gobierno actual de ese pa\u00eds de una\u00a0<strong>persecuci\u00f3n pol\u00edtica y discriminatoria<\/strong>, adem\u00e1s de que pidi\u00f3 la intervenci\u00f3n de la\u00a0<strong>Organizaci\u00f3n de las Naciones Unidas<\/strong>\u00a0(ONU) para \u201cgarantizar los derechos humanos\u201d.<\/p>\n<p>Esta declaraci\u00f3n fue calificada por la canciller\u00eda de Per\u00fa como \u201cfalsa e inaceptable\u201d, y explic\u00f3 que, el 7 de diciembre de 2022, Pedro Castillo cometi\u00f3 \u201cel flagrante quiebre del orden constitucional al anunciar la disoluci\u00f3n inconstitucional del Congreso de la Rep\u00fablica y la instauraci\u00f3n de un Gobierno de excepci\u00f3n\u201d. Adem\u00e1s, indic\u00f3 que \u201crepudia esta\u00a0<strong>posici\u00f3n ideologizada<\/strong>, que contradice los principios b\u00e1sicos del\u00a0<strong>derecho internacional<\/strong>\u201d.<\/p>\n<div class=\"twitter-tweet twitter-tweet-rendered\"><\/div>\n<p>&nbsp;<\/p>\n<p>Fuente: ADN 40<\/p>\n","protected":false},"excerpt":{"rendered":"<p>El\u00a0Ministerio de Relaciones Exteriores de Per\u00fa\u00a0se\u00f1al\u00f3 que la presidenta\u00a0Claudia Sheinbaum\u00a0tiene un total desconocimiento sobre el caso del\u00a0expresidente Pedro Castillo, procesado por el fallido intento de golpe de Estado de 2022, al aclarar que \u201cno es un perseguido pol\u00edtico, como lo asegur\u00f3 Sheinbaum. En un comunicado oficial publicado ayer s\u00e1bado, las autoridades de Per\u00fa expresaron su [&hellip;]<\/p>\n","protected":false},"author":2,"featured_media":228386,"comment_status":"closed","ping_status":"closed","sticky":false,"template":"","format":"standard","meta":{"footnotes":""},"categories":[12870,182],"tags":[12865,12871],"class_list":["post-228385","post","type-post","status-publish","format-standard","has-post-thumbnail","hentry","category-destacadas","category-internacional","tag-destacadas","tag-internacional"],"jetpack_featured_media_url":"https:\/\/rnoticias.com.mx\/Portal\/wp-content\/uploads\/2025\/09\/9dZD-cIc.jpg","amp_enabled":true,"_links":{"self":[{"href":"https:\/\/rnoticias.com.mx\/Portal\/wp-json\/wp\/v2\/posts\/228385","targetHints":{"allow":["GET"]}}],"collection":[{"href":"https:\/\/rnoticias.com.mx\/Portal\/wp-json\/wp\/v2\/posts"}],"about":[{"href":"https:\/\/rnoticias.com.mx\/Portal\/wp-json\/wp\/v2\/types\/post"}],"author":[{"embeddable":true,"href":"https:\/\/rnoticias.com.mx\/Portal\/wp-json\/wp\/v2\/users\/2"}],"replies":[{"embeddable":true,"href":"https:\/\/rnoticias.com.mx\/Portal\/wp-json\/wp\/v2\/comments?post=228385"}],"version-history":[{"count":1,"href":"https:\/\/rnoticias.com.mx\/Portal\/wp-json\/wp\/v2\/posts\/228385\/revisions"}],"predecessor-version":[{"id":228387,"href":"https:\/\/rnoticias.com.mx\/Portal\/wp-json\/wp\/v2\/posts\/228385\/revisions\/228387"}],"wp:featuredmedia":[{"embeddable":true,"href":"https:\/\/rnoticias.com.mx\/Portal\/wp-json\/wp\/v2\/media\/228386"}],"wp:attachment":[{"href":"https:\/\/rnoticias.com.mx\/Portal\/wp-json\/wp\/v2\/media?parent=228385"}],"wp:term":[{"taxonomy":"category","embeddable":true,"href":"https:\/\/rnoticias.com.mx\/Portal\/wp-json\/wp\/v2\/categories?post=228385"},{"taxonomy":"post_tag","embeddable":true,"href":"https:\/\/rnoticias.com.mx\/Portal\/wp-json\/wp\/v2\/tags?post=228385"}],"curies":[{"name":"wp","href":"https:\/\/api.w.org\/{rel}","templated":true}]}}