{"id":228378,"date":"2025-09-01T18:53:23","date_gmt":"2025-09-02T01:53:23","guid":{"rendered":"https:\/\/rnoticias.com.mx\/Portal\/?p=228378"},"modified":"2025-09-01T18:53:23","modified_gmt":"2025-09-02T01:53:23","slug":"gobierno-de-sonora-reporta-un-regreso-a-clases-ordenado-en-materia-de-movilidad","status":"publish","type":"post","link":"https:\/\/rnoticias.com.mx\/Portal\/2025\/09\/01\/gobierno-de-sonora-reporta-un-regreso-a-clases-ordenado-en-materia-de-movilidad\/","title":{"rendered":"Gobierno de Sonora reporta un regreso a clases ordenado en materia de movilidad"},"content":{"rendered":"<p align=\"left\">Hermosillo, Sonora; 1 de septiembre de 2025.- El Gobierno de Sonora reporta un regreso a clases ordenado en materia de movilidad, esto luego de un trabajo coordinado con concesionarios de toda la entidad.<\/p>\n<p align=\"left\">\n<p align=\"left\">Este lunes primero de septiembre, circularon un total de 710 unidades de transporte p\u00fablico urbano en los principales municipios de la entidad, de las cuales, 347 fueron en la capital sonorense, incluidas las unidades recientemente entregadas por el gobernador Alfonso Durazo, resultando tambi\u00e9n en beneficio de la zona serrana.<\/p>\n<p align=\"left\">\n<p align=\"left\">Desde tempranas horas, el Instituto de Movilidad y Transporte para el Estado de Sonora (IMTES), a trav\u00e9s de la Direcci\u00f3n de Inspecci\u00f3n y Vigilancia, realizaron operativos en los principales municipios y paradas donde se aglutinan m\u00e1s usuarios, logrando obtener un regreso a clases seguro y tranquilo para alumnas, alumnos y\u00a0usuarios en general.<\/p>\n<p align=\"left\">\n<p align=\"left\">Carlos Sosa Casta\u00f1eda, coordinador ejecutivo del IMTES, manifest\u00f3 que, para este regreso a clases, se realizaron algunos ajustes a la aplicaci\u00f3n UNE Transporte Sonora en la secci\u00f3n Ciudad Obreg\u00f3n, donde se extendi\u00f3 la l\u00ednea 10 para que pudiera llegar y brindar servicio a la comunidad escolar de la Universidad de Sonora, campus Cajeme.<\/p>\n<p align=\"left\">\n<p align=\"left\">Asimismo, en el apartado de Hermosillo, se actualiz\u00f3 al poner en operaci\u00f3n las rutas alimentadoras Pueblitos-Estadio H\u00e9ctor Espino y Villas del Sur-Musas, mapas que tambi\u00e9n ya son visibles en la aplicaci\u00f3n y que sus rutas permiten mayor flujo y rapidez a las personas usuarias, ya que el circuito es corto y m\u00e1s directo.<\/p>\n<p align=\"left\">\n<p align=\"left\">El equipo de Inspecci\u00f3n y Vigilancia mantendr\u00e1 los operativos en los distintos municipios, para verificar la correcta prestaci\u00f3n del servicio al aumentar la demanda con el inicio de clases.<\/p>\n","protected":false},"excerpt":{"rendered":"<p>Hermosillo, Sonora; 1 de septiembre de 2025.- El Gobierno de Sonora reporta un regreso a clases ordenado en materia de movilidad, esto luego de un trabajo coordinado con concesionarios de toda la entidad. Este lunes primero de septiembre, circularon un total de 710 unidades de transporte p\u00fablico urbano en los principales municipios de la entidad, [&hellip;]<\/p>\n","protected":false},"author":2,"featured_media":228379,"comment_status":"closed","ping_status":"closed","sticky":false,"template":"","format":"standard","meta":{"footnotes":""},"categories":[12870,178],"tags":[12865,12869],"class_list":["post-228378","post","type-post","status-publish","format-standard","has-post-thumbnail","hentry","category-destacadas","category-local","tag-destacadas","tag-local"],"jetpack_featured_media_url":"https:\/\/rnoticias.com.mx\/Portal\/wp-content\/uploads\/2025\/09\/unnamed-4.jpg","amp_enabled":true,"_links":{"self":[{"href":"https:\/\/rnoticias.com.mx\/Portal\/wp-json\/wp\/v2\/posts\/228378","targetHints":{"allow":["GET"]}}],"collection":[{"href":"https:\/\/rnoticias.com.mx\/Portal\/wp-json\/wp\/v2\/posts"}],"about":[{"href":"https:\/\/rnoticias.com.mx\/Portal\/wp-json\/wp\/v2\/types\/post"}],"author":[{"embeddable":true,"href":"https:\/\/rnoticias.com.mx\/Portal\/wp-json\/wp\/v2\/users\/2"}],"replies":[{"embeddable":true,"href":"https:\/\/rnoticias.com.mx\/Portal\/wp-json\/wp\/v2\/comments?post=228378"}],"version-history":[{"count":1,"href":"https:\/\/rnoticias.com.mx\/Portal\/wp-json\/wp\/v2\/posts\/228378\/revisions"}],"predecessor-version":[{"id":228380,"href":"https:\/\/rnoticias.com.mx\/Portal\/wp-json\/wp\/v2\/posts\/228378\/revisions\/228380"}],"wp:featuredmedia":[{"embeddable":true,"href":"https:\/\/rnoticias.com.mx\/Portal\/wp-json\/wp\/v2\/media\/228379"}],"wp:attachment":[{"href":"https:\/\/rnoticias.com.mx\/Portal\/wp-json\/wp\/v2\/media?parent=228378"}],"wp:term":[{"taxonomy":"category","embeddable":true,"href":"https:\/\/rnoticias.com.mx\/Portal\/wp-json\/wp\/v2\/categories?post=228378"},{"taxonomy":"post_tag","embeddable":true,"href":"https:\/\/rnoticias.com.mx\/Portal\/wp-json\/wp\/v2\/tags?post=228378"}],"curies":[{"name":"wp","href":"https:\/\/api.w.org\/{rel}","templated":true}]}}