{"id":228375,"date":"2025-09-01T18:52:01","date_gmt":"2025-09-02T01:52:01","guid":{"rendered":"https:\/\/rnoticias.com.mx\/Portal\/?p=228375"},"modified":"2025-09-01T18:52:01","modified_gmt":"2025-09-02T01:52:01","slug":"primer-informe-de-gobierno-de-claudia-sheinbaum-las-claves-del-mensaje-en-palacio-nacional","status":"publish","type":"post","link":"https:\/\/rnoticias.com.mx\/Portal\/2025\/09\/01\/primer-informe-de-gobierno-de-claudia-sheinbaum-las-claves-del-mensaje-en-palacio-nacional\/","title":{"rendered":"Primer Informe de Gobierno de Claudia Sheinbaum: las claves del mensaje en Palacio Nacional"},"content":{"rendered":"<p class=\"p1\">Desde Palacio Nacional, la presidenta\u00a0<a href=\"https:\/\/x.com\/Claudiashein\" target=\"_blank\" rel=\"noreferrer noopener\"><span class=\"s1\"><b>Claudia<\/b><\/span><\/a><b>\u00a0Sheinbaum Pardo<\/b>\u00a0ofreci\u00f3 este lunes\u00a0<strong>1 de septiembre de 2025<\/strong>\u00a0un\u00a0<strong>mensaje<\/strong>\u00a0con motivo de su\u00a0<strong>Primer Informe de Gobierno<\/strong>.<\/p>\n<div class=\"embed embed--youtube\">\n<h3>\u201cVengo a rendir cuentas no con palabras vac\u00edas, sino con resultados\u201d<\/h3>\n<p>Sheinbaum Pardo apunt\u00f3 que no lleg\u00f3 sola a la Presidencia de M\u00e9xico, y recalc\u00f3 que no rinde cuentas con \u201cpalabras vac\u00edas\u201d sino con resultados.<\/p>\n<p>\u201cComo primera mujer presidenta en rendir cuentas a la naci\u00f3n sostengo como el primer d\u00eda que no llegu\u00e9 sola, llegu\u00e9 con todas las mujeres mexicanas, eso ha generado una fuerza extraordinaria, que mueve consciencias abre caminos, y rompe barreras que por siglos parec\u00edan imposibles de derribar, llegamos todas\u201d, argument\u00f3<\/p>\n<p>\u201cEsta no es la victoria de una persona, sino el fruto de una voluntad colectiva que durante d\u00e9cadas resisti\u00f3, luch\u00f3 y so\u00f1\u00f3 con un pa\u00eds con justicia\u201d, lanz\u00f3.<\/p>\n<h3>Sheinbaum destaca reducci\u00f3n hist\u00f3rica de la pobreza en M\u00e9xico; pas\u00f3 del 41.9 al 29.5%<\/h3>\n<p>La presidenta de M\u00e9xico asegur\u00f3 que gracias a los esfuerzos del expresidente Andr\u00e9s Manuel L\u00f3pez Obrador (2018-2025) se logr\u00f3\u00a0<strong>reducir<\/strong>\u00a0la\u00a0<strong>pobreza<\/strong>\u00a0en el pa\u00eds.<\/p>\n<p>\u201cDamos continuidad y avanzamos sustentados en la\u00a0gran haza\u00f1a del presidente L\u00f3pez Obrador, que no solo separ\u00f3 el poder pol\u00edtico del poder econ\u00f3mico, sino que con un nuevo proyecto de justicia social, sac\u00f3 de la pobreza a m\u00e1s de 13.5 millones de personas\u201d, presumi\u00f3.<\/p>\n<p>\u201cEn\u00a0 2024 la poblaci\u00f3n en pobreza pas\u00f3 de representar el 41.9 por ciento de la poblaci\u00f3n a 29.5% el nivel m\u00e1s bajo desde hace por lo menos 40 a\u00f1os\u201d, manifest\u00f3.<\/p>\n<blockquote><p>La desigualdad tambi\u00e9n se redujo significativamente, coloc\u00e1ndonos como el segundo pa\u00eds con menor desigualdad de Am\u00e9rica despu\u00e9s de Canad\u00e1. Qued\u00f3 en el pasado la oscura noche neoliberal\u201d, argument\u00f3.<\/p><\/blockquote>\n<h3>\u201cComienza una nueva era de legalidad\u201d: Sheinbaum da bienvenida al nuevo Poder Judicial<\/h3>\n<p>La mandataria mexicana le dio la bienvenida al\u00a0<strong>nuevo Poder Judicial<\/strong>, que entrar\u00e1 en funciones a partir de este<strong>\u00a01 de setiembre de 2025<\/strong>.<\/p>\n<p>\u201cQuiero destacar las m\u00e1s importantes: uno, reforma al Poder Judicial que permiti\u00f3 en junio de 2025 elecciones libre sopara ministras y ministros de la corte, magistrados y jueces, bienvenido el nuevo Poder judicial\u201d, apunt\u00f3.<\/p>\n<blockquote><p>Nn hecho in\u00e9dito y profundamente democr\u00e1tico. se termina la era del nepotismo, corrupci\u00f3n y privilegios, y comienza una nueva era de legalidad y justicia para todas y todos, un verdadero Estado de derecho\u201d, se\u00f1al\u00f3.<\/p><\/blockquote>\n<h3>\u201cM\u00e9xico tiene el menor porcentajes de tarifas arancelarias, se puede llegar a mejor acuerdo con EE.UU.\u201d<\/h3>\n<p>Sheinbaum Pardo recalc\u00f3 que ante la nueva pol\u00edtica de aranceles de Estados Unidos, se ha logrado \u201cuna relaci\u00f3n de respeto mutuo\u201d.<\/p>\n<p>Enfatiz\u00f3 en que se puede alcanzar un mejor acuerdo con EE.UU., en el marco del tratado comercial.<\/p>\n<blockquote><p>En estos meses el mundo ha enfrentado situaciones complejas, frente a la nueva realidad arancelaria establecida por EE.UU, en este marco hemos logrado construir una relaci\u00f3n de respeto mutuo\u201d, expuso.<\/p><\/blockquote>\n<p>\u201cM\u00e9xico es el pa\u00eds con el menor porcentaje de tarifas arancelarias en promedio en todo el mundo, y continuamos trabajando con las distintas Secretar\u00eda de Estado de nuestro pa\u00eds vecino\u201d, se\u00f1al\u00f3.<\/p>\n<p>\u201cEstamos convencidos de que en el marco del tratado comercial podemos alcanzar a\u00fan mejores condiciones\u201d, puntualiz\u00f3.<\/p>\n<h3>\u201cCon EE.UU. habr\u00e1 coordinaci\u00f3n y no subordinaci\u00f3n en seguridad\u201d<\/h3>\n<p>La mandataria mexicana resalt\u00f3 la\u00a0<strong>visita<\/strong>\u00a0el 3 de septiembre de 2025 del secretario de Estado de\u00a0<strong>EE.UU., Marceo Rubio<\/strong>, funcionario de la Administraci\u00f3n Trump con el que se firmar\u00e1 un acuerdo de seguridad.<\/p>\n<p>Dej\u00f3 en claro que con Estados Unidos habr\u00e1\u00a0<strong>cooperaci\u00f3n<\/strong>\u00a0y<strong>\u00a0no subordinaci\u00f3n\u00a0<\/strong>en materia de<strong>\u00a0seguridad.<\/strong><\/p>\n<p>\u201cEn dos d\u00edas, recibiremos al secretario del Departamento de Estado de EE.UU. para acordar un marco de colaboraci\u00f3n en materia de seguridad\u201d, explic\u00f3.<\/p>\n<blockquote><p>Hemos dejado claro que la base de este entendimiento es la responsabilidad compartida, la confianza mutua, el respeto a la soberan\u00eda y territorialidad, y la cooperaci\u00f3n sin subordinaci\u00f3n\u201d, aclar\u00f3.<\/p><\/blockquote>\n<h3>Resalta fortaleza de la econom\u00eda mexicana<\/h3>\n<p>Claudia Sheinbaum Pardo resalt\u00f3 la\u00a0<strong>fortaleza<\/strong>\u00a0de la\u00a0<strong>econom\u00eda mexicana<\/strong>\u00a0pese a los pron\u00f3sticos de especialistas.<\/p>\n<p>Abund\u00f3 que dicho crecimiento se encuentra en un 1.2 por ciento. Adem\u00e1s, el peso se encuentra por debajo de las 19 unidades por d\u00f3lar y el desempleo se ubica en un 2.7 por ciento, siendo uno de los niveles m\u00e1s bajos del mundo.<\/p>\n<p>\u201cEstamos viviendo un momento estelar en nuestra historia. Aun en medio de las circunstancias dif\u00edciles, nuestra econom\u00eda muestra fortaleza un crecimiento anual estimado de 1.2 por ciento frente a las expectativas catastr\u00f3ficas que hab\u00edan dado a conocer organismos financieros internacionales, que dec\u00edan que iba a caer el PIB\u201d, a\u00f1adi\u00f3.<\/p>\n<p>\u201cEste a\u00f1o la inversi\u00f3n extranjera directa es r\u00e9cord en el primer semestre del a\u00f1o, con m\u00e1s de 36 mil millones de d\u00f3lares\u201d, agreg\u00f3.<\/p>\n<h3>Sheinbaum pide a empresarios sumarse al Plan M\u00e9xico<\/h3>\n<p>La titular del Ejecutivo federal pidi\u00f3 a los\u00a0<strong>empresarios<\/strong>\u00a0del pa\u00eds a sumarse de forma m\u00e1s activa al\u00a0<strong>Plan M\u00e9xico<\/strong>, implementado a ra\u00edz del regreso de Donald Trump a la Casa Blanca, ene enero pasado.<\/p>\n<p>Aprovecho para convocar respetuosamente a las y los empresarios del pa\u00eds a sumarse con decisi\u00f3n al Plan M\u00e9xico, con inversi\u00f3n productiva, innovadora, y a que avancemos con una banca que genere mejores condiciones de cr\u00e9dito\u201d, extern\u00f3.<\/p>\n<blockquote><p>M\u00e9xico requiere de empresarios todav\u00eda m\u00e1s activos y visionarios, y profundamente comprometidos con el futuro de la naci\u00f3n\u201d, expuso.<\/p><\/blockquote>\n<h3>32 millones de familias reciben programas del Bienestar<\/h3>\n<p>Claudia Sheinbaum detall\u00f3 que\u00a0<strong>32 millones de familias<\/strong>\u00a0reciben\u00a0<strong>programas del Bienestar<\/strong>.<\/p>\n<p>En el Primer Informe de Gobierno, sostuvo que el Gobierno realiza una\u00a0<strong>inversi\u00f3n<\/strong>\u00a0de\u00a0<strong>850 mil millones de pesos.<\/strong><\/p>\n<p>\u201cEn 2025 destinamos 850 mil millones de pesos, el 2.3 por ciento del PIB, a programas de Bienestar, entregados de manera directa, sin intermediarios a trav\u00e9s del Banco del Bienestar\u201d, destac\u00f3.<\/p>\n<blockquote><p>Estos recursos llegan a 32 millones de familias\u201d, puntualiz\u00f3.<\/p><\/blockquote>\n<h3>Abasto de medicamentos en hospitales p\u00fablicos es del 90%<\/h3>\n<p>La presidenta Sheinbaum Pardo apunt\u00f3 pese a los \u201cmalos augurios y las mentiras\u201d su Gobierno trabaja todos los d\u00edas en el\u00a0<strong>abasto de medicamentos<\/strong>\u00a0en el pa\u00eds.<\/p>\n<p>Inform\u00f3 que hasta el momento, hay un abasto del 90 por ciento de medicamentos en centros de salud y hospitales p\u00fablicos del pa\u00eds.<\/p>\n<p>\u201cPusimos en marcha el programa Rutas de la Salud para la distribuci\u00f3n de medicamentos en el nivel primaria, y en esta semana se complementa para los siguientes niveles\u201d, apunt\u00f3.<\/p>\n<blockquote><p>A pesar de todos los malos augurios, las mentiras y calumnias, trabajamos todos los d\u00edas en el abasto gratuito de medicamentos, Y en todos los centros de salud y hospitales, ya est\u00e1 por encima del 90 por ciento de abasto\u201d, declar\u00f3.<\/p><\/blockquote>\n<p>\u201cSomos persistentes y certeros, el acceso a la salud no es una mercanc\u00eda ni un privilegio, es un derecho del pueblo de M\u00e9xico\u201d, lanz\u00f3.<\/p>\n<h3>Homicidios han disminuido un 25%<\/h3>\n<p>La mandataria mexicana resal\u00f3 la\u00a0<strong>disminuci\u00f3n<\/strong>\u00a0de\u00a0<strong>homicidios<\/strong>\u00a0entre octubre de 2024 y julio de 2025, la cual ha sido del 25 por ciento.<\/p>\n<p>Dej\u00f3 en claro que la estrategia de seguridad \u201cse decide soberanamente en M\u00e9xico\u201d y no en otro lado.<\/p>\n<p>\u201cPresentamos en 2024 el fortalecimiento de la Estrategia de Seguridad y justicia. Con el Gabinete de Seguridad nos reunimos todos los d\u00edas a las 6:00 h para evaluar y fortalecer la estrategia. Para que no haya ninguna duda, la pol\u00edtica de construcci\u00f3n de la paz, se decide soberanamente en M\u00e9xico, nadie influye en M\u00e9xico, solo nuestra honestidad, convicci\u00f3n y certeza de que las y los humanistas sabemos gobernar con perseverancia, estrategia y dar resultados\u201d, lanz\u00f3.<\/p>\n<blockquote><p>En 11 meses hemos reducido el homicidio doloso en 25 por ciento, es decir, en julio cada d\u00eda se cometieron 22 homicidios menos que en septiembre de 2024. La reducci\u00f3n en algunos estados ha sido significativa: en Zacatecas, es del 75 por ciento, en Guanajuato, del 60 %, Estado de M\u00e9xico del 45 por ciento, Nuevo Le\u00f3n del 70 %, Baja California del 36 por ciento, Tabasco del 48% y Colima del 33 por ciento\u201d, abund\u00f3.<\/p><\/blockquote>\n<p>\u201cEn cuanto a delitos de alto impacto la reducci\u00f3n nacional en 11 meses es del 20 por ciento, pero en robo de autos con violencia es del 31 por ciento y en feminicidio la reducci\u00f3n es del 34 por ciento\u201d, anot\u00f3.<\/p>\n<h3>\u201cVamos bien y vamos a ir mejor\u201d<\/h3>\n<p>La titular del Ejecutivo federal cerr\u00f3 su mensaje agradeciendo a todo su Gabinete por estos once meses de trabajo, y recalc\u00f3 que \u201c<strong>vamos bien y vamos a ir mejor<\/strong>\u201c.<\/p>\n<blockquote><p>Vamos bien y vamos a ir mejor. Por nuestro pueblo, por nuestra patria, vale la pena dar cada hora, cada minuto y cada aliento de nuestros d\u00edas\u201d, pronostic\u00f3.<\/p><\/blockquote>\n<p>\u201cLlegamos a seguir transformando la naci\u00f3n, por la paz y bienestar del pueblo tengan la certeza de que no voy a traicionar. Con la fuerza de M\u00e9xico, caminar\u00e9 sin descanso, con rectitud, valent\u00eda\u00a0 honrar\u00e9 siempre la confianza depositada en mi\u201d, detall\u00f3.<\/p>\n<p>\u201cHoy que inicia el mes de la patria, cuando conmemoramos con orgullo nuestra independencia decimos con fuerza y alegr\u00eda: somos un pa\u00eds libre, independiente y soberano, con un pueblo trabajador y extraordinario. Somos grandeza cultural y somos siempre y por siempre servidores del pueblo y de la patria. \u00a1Que viva la grandeza de M\u00e9xico! \u00a1Viva M\u00e9xico!\u201d, finaliz\u00f3.<\/p>\n<p>Con informaci\u00f3n de L\u00f3pez-D\u00f3riga Digital<\/p>\n<\/div>\n","protected":false},"excerpt":{"rendered":"<p>Desde Palacio Nacional, la presidenta\u00a0Claudia\u00a0Sheinbaum Pardo\u00a0ofreci\u00f3 este lunes\u00a01 de septiembre de 2025\u00a0un\u00a0mensaje\u00a0con motivo de su\u00a0Primer Informe de Gobierno. \u201cVengo a rendir cuentas no con palabras vac\u00edas, sino con resultados\u201d Sheinbaum Pardo apunt\u00f3 que no lleg\u00f3 sola a la Presidencia de M\u00e9xico, y recalc\u00f3 que no rinde cuentas con \u201cpalabras vac\u00edas\u201d sino con resultados. \u201cComo primera [&hellip;]<\/p>\n","protected":false},"author":2,"featured_media":228376,"comment_status":"closed","ping_status":"closed","sticky":false,"template":"","format":"standard","meta":{"footnotes":""},"categories":[12870,12868],"tags":[12865,12879],"class_list":["post-228375","post","type-post","status-publish","format-standard","has-post-thumbnail","hentry","category-destacadas","category-politica","tag-destacadas","tag-politica"],"jetpack_featured_media_url":"https:\/\/rnoticias.com.mx\/Portal\/wp-content\/uploads\/2025\/09\/sheinbaum-primer-informe-de-gobierno-1.jpg","amp_enabled":true,"_links":{"self":[{"href":"https:\/\/rnoticias.com.mx\/Portal\/wp-json\/wp\/v2\/posts\/228375","targetHints":{"allow":["GET"]}}],"collection":[{"href":"https:\/\/rnoticias.com.mx\/Portal\/wp-json\/wp\/v2\/posts"}],"about":[{"href":"https:\/\/rnoticias.com.mx\/Portal\/wp-json\/wp\/v2\/types\/post"}],"author":[{"embeddable":true,"href":"https:\/\/rnoticias.com.mx\/Portal\/wp-json\/wp\/v2\/users\/2"}],"replies":[{"embeddable":true,"href":"https:\/\/rnoticias.com.mx\/Portal\/wp-json\/wp\/v2\/comments?post=228375"}],"version-history":[{"count":1,"href":"https:\/\/rnoticias.com.mx\/Portal\/wp-json\/wp\/v2\/posts\/228375\/revisions"}],"predecessor-version":[{"id":228377,"href":"https:\/\/rnoticias.com.mx\/Portal\/wp-json\/wp\/v2\/posts\/228375\/revisions\/228377"}],"wp:featuredmedia":[{"embeddable":true,"href":"https:\/\/rnoticias.com.mx\/Portal\/wp-json\/wp\/v2\/media\/228376"}],"wp:attachment":[{"href":"https:\/\/rnoticias.com.mx\/Portal\/wp-json\/wp\/v2\/media?parent=228375"}],"wp:term":[{"taxonomy":"category","embeddable":true,"href":"https:\/\/rnoticias.com.mx\/Portal\/wp-json\/wp\/v2\/categories?post=228375"},{"taxonomy":"post_tag","embeddable":true,"href":"https:\/\/rnoticias.com.mx\/Portal\/wp-json\/wp\/v2\/tags?post=228375"}],"curies":[{"name":"wp","href":"https:\/\/api.w.org\/{rel}","templated":true}]}}