{"id":228369,"date":"2025-09-01T18:44:27","date_gmt":"2025-09-02T01:44:27","guid":{"rendered":"https:\/\/rnoticias.com.mx\/Portal\/?p=228369"},"modified":"2025-09-01T18:44:27","modified_gmt":"2025-09-02T01:44:27","slug":"fundador-de-tajin-horacio-hernandez-ofrecera-conferencia-magistral-en-desafio-empresarial-hermosillo-47","status":"publish","type":"post","link":"https:\/\/rnoticias.com.mx\/Portal\/2025\/09\/01\/fundador-de-tajin-horacio-hernandez-ofrecera-conferencia-magistral-en-desafio-empresarial-hermosillo-47\/","title":{"rendered":"Fundador de Taj\u00edn, Horacio Hern\u00e1ndez ofrecer\u00e1 conferencia magistral en Desaf\u00edo Empresarial Hermosillo 47"},"content":{"rendered":"<p><b data-olk-copy-source=\"MessageBody\">Hermosillo, Sonora; 1 de septiembre, 2025.-<\/b>\u00a0El Gobierno Municipal de Hermosillo, a trav\u00e9s de la Agencia Municipal de Desarrollo Econ\u00f3mico (AMDE), prepara para las y los finalistas del Desaf\u00edo Empresarial Hermosillo 47 una experiencia plena de oportunidades de alianzas estrat\u00e9gicas, capacitaci\u00f3n y potenciales inversiones, durante el evento magistral del 4 de septiembre.<\/p>\n<p aria-hidden=\"true\">\n<p>Oscar Gast\u00e9lum Donnadieu, director de la dependencia, destac\u00f3 que la final incluir\u00e1 la conferencia magistral de Horacio Hern\u00e1ndez, fundador de la empresa Taj\u00edn, quien compartir\u00e1 sus experiencias con las personas asistentes al evento, a celebrarse en instalaciones del Tecnol\u00f3gico de Monterrey de las 10:00 a las 13:00 horas.<\/p>\n<p aria-hidden=\"true\">\n<p>De los 11 equipos finalistas 4 participan con emprendimientos de base tecnol\u00f3gica y 7 de base tradicional, y los dar\u00e1n a conocer en turnos de presentaciones de 8 minutos a un jurado compuesto principalmente por empresarias y empresarios que son a su vez impulsores de este programa en alianza con el Gobierno Municipal, abund\u00f3.<\/p>\n<p aria-hidden=\"true\">\n<p>En el evento se definir\u00e1 a los equipos ganadores de los proyectos tanto de base tecnol\u00f3gica como de base tradicional, con premios en ambos casos de 147 mil pesos para el primer lugar; 47 mil para el segundo y 20 mil el tercero.<\/p>\n<p aria-hidden=\"true\">\n<p>Adicionalmente habr\u00e1 premios como el Premio People &#8216;s Choice por apoyo con \u201cMe gusta\u201d en redes sociales de la AMDE\u00a0 y otro People\u00b4s Choice durante el desarrollo del evento.<\/p>\n<p aria-hidden=\"true\">\n<p>Tambi\u00e9n estar\u00e1 el premio \u201cLiderazgo Femenino\u201d, enfocado en mujeres que lideran empresas, que son fundadoras o socias mayoritarias; que apoyan o vinculan a m\u00e1s mujeres a unirse al sector productivo y\/o mujeres que destaquen en las \u00e1reas en que se desenvuelven.<\/p>\n","protected":false},"excerpt":{"rendered":"<p>Hermosillo, Sonora; 1 de septiembre, 2025.-\u00a0El Gobierno Municipal de Hermosillo, a trav\u00e9s de la Agencia Municipal de Desarrollo Econ\u00f3mico (AMDE), prepara para las y los finalistas del Desaf\u00edo Empresarial Hermosillo 47 una experiencia plena de oportunidades de alianzas estrat\u00e9gicas, capacitaci\u00f3n y potenciales inversiones, durante el evento magistral del 4 de septiembre. Oscar Gast\u00e9lum Donnadieu, director [&hellip;]<\/p>\n","protected":false},"author":2,"featured_media":228370,"comment_status":"closed","ping_status":"closed","sticky":false,"template":"","format":"standard","meta":{"footnotes":""},"categories":[12870,178],"tags":[12865,12869],"class_list":["post-228369","post","type-post","status-publish","format-standard","has-post-thumbnail","hentry","category-destacadas","category-local","tag-destacadas","tag-local"],"jetpack_featured_media_url":"https:\/\/rnoticias.com.mx\/Portal\/wp-content\/uploads\/2025\/09\/344.png","amp_enabled":true,"_links":{"self":[{"href":"https:\/\/rnoticias.com.mx\/Portal\/wp-json\/wp\/v2\/posts\/228369","targetHints":{"allow":["GET"]}}],"collection":[{"href":"https:\/\/rnoticias.com.mx\/Portal\/wp-json\/wp\/v2\/posts"}],"about":[{"href":"https:\/\/rnoticias.com.mx\/Portal\/wp-json\/wp\/v2\/types\/post"}],"author":[{"embeddable":true,"href":"https:\/\/rnoticias.com.mx\/Portal\/wp-json\/wp\/v2\/users\/2"}],"replies":[{"embeddable":true,"href":"https:\/\/rnoticias.com.mx\/Portal\/wp-json\/wp\/v2\/comments?post=228369"}],"version-history":[{"count":1,"href":"https:\/\/rnoticias.com.mx\/Portal\/wp-json\/wp\/v2\/posts\/228369\/revisions"}],"predecessor-version":[{"id":228371,"href":"https:\/\/rnoticias.com.mx\/Portal\/wp-json\/wp\/v2\/posts\/228369\/revisions\/228371"}],"wp:featuredmedia":[{"embeddable":true,"href":"https:\/\/rnoticias.com.mx\/Portal\/wp-json\/wp\/v2\/media\/228370"}],"wp:attachment":[{"href":"https:\/\/rnoticias.com.mx\/Portal\/wp-json\/wp\/v2\/media?parent=228369"}],"wp:term":[{"taxonomy":"category","embeddable":true,"href":"https:\/\/rnoticias.com.mx\/Portal\/wp-json\/wp\/v2\/categories?post=228369"},{"taxonomy":"post_tag","embeddable":true,"href":"https:\/\/rnoticias.com.mx\/Portal\/wp-json\/wp\/v2\/tags?post=228369"}],"curies":[{"name":"wp","href":"https:\/\/api.w.org\/{rel}","templated":true}]}}