{"id":228328,"date":"2025-09-01T10:37:52","date_gmt":"2025-09-01T17:37:52","guid":{"rendered":"https:\/\/rnoticias.com.mx\/Portal\/?p=228328"},"modified":"2025-09-01T10:37:52","modified_gmt":"2025-09-01T17:37:52","slug":"salvan-a-cinco-jovenes-que-nadaban-en-playa-con-bandera-roja-en-manzanillo","status":"publish","type":"post","link":"https:\/\/rnoticias.com.mx\/Portal\/2025\/09\/01\/salvan-a-cinco-jovenes-que-nadaban-en-playa-con-bandera-roja-en-manzanillo\/","title":{"rendered":"Salvan a cinco j\u00f3venes que nadaban en playa con bandera roja en Manzanillo"},"content":{"rendered":"<p>La tarde de este domingo, elementos\u00a0<strong>Guardavidas de la Unidad Estatal de Protecci\u00f3n Civil de Colima\u00a0<\/strong>rescataron a cinco ba\u00f1istas que ingresaron al mar con bandera roja y presentaron dificultades para salir.<\/p>\n<p>Los hechos ocurrieron en la playa de\u00a0<strong>Miramar\u00a0<\/strong>del municipio de\u00a0<strong>Manzanillo\u00a0<\/strong>en el que la fuerte corriente y oleaje provoc\u00f3 que<strong>\u00a0cinco j\u00f3venes que nadaban cercanos a la orilla, presentaran problemas para salir del mar.\u00a0<\/strong>Por ello, personal entrenado realiz\u00f3 el rescate acu\u00e1tico de los cinco sujetos y se les asegur\u00f3 en tierra firme, sin que fuera necesario trasladarlos a un hospital.<\/p>\n<p>La historia fue compartida en la p\u00e1gina oficial de\u00a0<strong>Facebook\u00a0<\/strong>de\u00a0<a href=\"https:\/\/www.facebook.com\/pccolima?locale=es_LA\" target=\"_blank\" rel=\"noopener\">Protecci\u00f3n Civil Estatal Colima\u00a0<\/a>a trav\u00e9s de un video en el que se ve el crecimiento de la marea pese a que los sujetos se encontraban a escasos metros de la orilla. Aunque en las im\u00e1genes no se constata, los j\u00f3venes no requirieron atenci\u00f3n m\u00e9dica pese a haberse quedado &#8220;atorados&#8221; en el mar.<\/p>\n<p>Por ello, la unidad de\u00a0<strong>Protecci\u00f3n Civil Estatal Colima\u00a0<\/strong>exhort\u00f3 a la poblaci\u00f3n a respetar las zonas para realizar actividades acu\u00e1ticas, respetar las indicaciones de los\u00a0<strong>Guardavidas\u00a0<\/strong>y evitar ingresar al mar despu\u00e9s de haber ingerido bebidas embriagantes.<\/p>\n","protected":false},"excerpt":{"rendered":"<p>La tarde de este domingo, elementos\u00a0Guardavidas de la Unidad Estatal de Protecci\u00f3n Civil de Colima\u00a0rescataron a cinco ba\u00f1istas que ingresaron al mar con bandera roja y presentaron dificultades para salir. Los hechos ocurrieron en la playa de\u00a0Miramar\u00a0del municipio de\u00a0Manzanillo\u00a0en el que la fuerte corriente y oleaje provoc\u00f3 que\u00a0cinco j\u00f3venes que nadaban cercanos a la orilla, [&hellip;]<\/p>\n","protected":false},"author":2,"featured_media":228320,"comment_status":"closed","ping_status":"closed","sticky":false,"template":"","format":"standard","meta":{"footnotes":""},"categories":[12870,172],"tags":[12865,12874],"class_list":["post-228328","post","type-post","status-publish","format-standard","has-post-thumbnail","hentry","category-destacadas","category-nacional","tag-destacadas","tag-nacional"],"jetpack_featured_media_url":"https:\/\/rnoticias.com.mx\/Portal\/wp-content\/uploads\/2025\/09\/AA1F4Fhy.png","amp_enabled":true,"_links":{"self":[{"href":"https:\/\/rnoticias.com.mx\/Portal\/wp-json\/wp\/v2\/posts\/228328","targetHints":{"allow":["GET"]}}],"collection":[{"href":"https:\/\/rnoticias.com.mx\/Portal\/wp-json\/wp\/v2\/posts"}],"about":[{"href":"https:\/\/rnoticias.com.mx\/Portal\/wp-json\/wp\/v2\/types\/post"}],"author":[{"embeddable":true,"href":"https:\/\/rnoticias.com.mx\/Portal\/wp-json\/wp\/v2\/users\/2"}],"replies":[{"embeddable":true,"href":"https:\/\/rnoticias.com.mx\/Portal\/wp-json\/wp\/v2\/comments?post=228328"}],"version-history":[{"count":1,"href":"https:\/\/rnoticias.com.mx\/Portal\/wp-json\/wp\/v2\/posts\/228328\/revisions"}],"predecessor-version":[{"id":228329,"href":"https:\/\/rnoticias.com.mx\/Portal\/wp-json\/wp\/v2\/posts\/228328\/revisions\/228329"}],"wp:featuredmedia":[{"embeddable":true,"href":"https:\/\/rnoticias.com.mx\/Portal\/wp-json\/wp\/v2\/media\/228320"}],"wp:attachment":[{"href":"https:\/\/rnoticias.com.mx\/Portal\/wp-json\/wp\/v2\/media?parent=228328"}],"wp:term":[{"taxonomy":"category","embeddable":true,"href":"https:\/\/rnoticias.com.mx\/Portal\/wp-json\/wp\/v2\/categories?post=228328"},{"taxonomy":"post_tag","embeddable":true,"href":"https:\/\/rnoticias.com.mx\/Portal\/wp-json\/wp\/v2\/tags?post=228328"}],"curies":[{"name":"wp","href":"https:\/\/api.w.org\/{rel}","templated":true}]}}