{"id":228326,"date":"2025-09-01T10:37:15","date_gmt":"2025-09-01T17:37:15","guid":{"rendered":"https:\/\/rnoticias.com.mx\/Portal\/?p=228326"},"modified":"2025-09-01T10:37:15","modified_gmt":"2025-09-01T17:37:15","slug":"gobernador-durazo-invita-a-participar-en-la-convocatoria-de-becas-publicas-para-nivel-basico","status":"publish","type":"post","link":"https:\/\/rnoticias.com.mx\/Portal\/2025\/09\/01\/gobernador-durazo-invita-a-participar-en-la-convocatoria-de-becas-publicas-para-nivel-basico\/","title":{"rendered":"Gobernador Durazo invita a participar en la convocatoria de becas p\u00fablicas para nivel b\u00e1sico"},"content":{"rendered":"<p align=\"justify\">Hermosillo, Sonora; 1 de septiembre de 2025.- Como parte de su compromiso de que todas y todos los estudiantes en Sonora tengan acceso a la educaci\u00f3n y que las limitaciones econ\u00f3micas no sean un impedimento para continuar con su formaci\u00f3n, el gobernador Alfonso Durazo Monta\u00f1o invit\u00f3 a participar en la convocatoria del programa de becas Sonora de Oportunidades para educaci\u00f3n b\u00e1sica p\u00fablica, ciclo 2025-2026.<\/p>\n<p align=\"justify\">El mandatario estatal detall\u00f3 que se destinar\u00e1n los recursos necesarios para beneficiar a alumnos de escuelas p\u00fablicas de primaria y secundaria, especialmente a quienes se encuentren en situaci\u00f3n de vulnerabilidad, con el objetivo de garantizar su permanencia en las aulas.<\/p>\n<p align=\"justify\">Del 1 al 14 de septiembre estar\u00e1 disponible el registro de solicitudes para estudiantes de escuelas p\u00fablicas de primaria y secundaria, por lo que exhort\u00f3 a las personas interesadas a consultar las bases y requisitos de la convocatoria en el portal electr\u00f3nico del Instituto de Becas y Cr\u00e9dito Educativo del Estado de Sonora (Ibcees),\u00a0<a href=\"https:\/\/becasycredito.sonora.gob.mx\/\" target=\"_blank\" rel=\"noopener\" data-saferedirecturl=\"https:\/\/www.google.com\/url?q=https:\/\/becasycredito.sonora.gob.mx\/&amp;source=gmail&amp;ust=1756833360196000&amp;usg=AOvVaw16-xuEgogiZAjgAGP7tMTT\">https:\/\/becasycredito.sonora.<wbr \/>gob.mx\/<\/a>.<\/p>\n<p align=\"justify\">El gobernador Durazo resalt\u00f3 que las ni\u00f1as y ni\u00f1os en pobreza extrema, aquellos que habitan en comunidades ind\u00edgenas o cuentan con alguna discapacidad, tendr\u00e1n prioridad en la asignaci\u00f3n de este apoyo que corresponde a dos mil 200 pesos que se entregar\u00e1n en el transcurso del ciclo escolar 2025-2026.<\/p>\n<p align=\"justify\">En caso de necesitar asistencia, orientaci\u00f3n y apoyo para el llenado de las solicitudes, las personas interesadas pueden acudir a las oficinas centrales en Hermosillo, ubicadas en la calle Dr. Domingo Olivares No. 128 esquina con Paseo de la Paz, colonia Valle Grande; comunicarse al tel\u00e9fono 662 289 8700 o escribir al correo\u00a0<a href=\"mailto:atencionausuarios@sonora.edu.mx\" target=\"_blank\" rel=\"noopener\">atencionausuarios@sonora.edu.<wbr \/>mx<\/a>.<\/p>\n<p align=\"justify\">Asimismo, el Ibcees cuenta con sedes en Ciudad Obreg\u00f3n (Calle Sinaloa No. 666, entre 6 de Abril y Nicol\u00e1s Bravo, colonia Centro. Tel\u00e9fono: 644 410 6300) y en Nogales (Calle Campillo No. 140, colonia Fundo Legal, en las Oficinas de la Agencia Fiscal. Tel\u00e9fono: 631 209 9476).<\/p>\n<p align=\"justify\">El programa Becas Sonora de Oportunidades es el m\u00e1s grande en la historia de la entidad, el cual permite al alumnado continuar sus estudios sin limitaciones econ\u00f3micas, mejorando su calidad de vida y disminuyendo el rezago educativo.<\/p>\n","protected":false},"excerpt":{"rendered":"<p>Hermosillo, Sonora; 1 de septiembre de 2025.- Como parte de su compromiso de que todas y todos los estudiantes en Sonora tengan acceso a la educaci\u00f3n y que las limitaciones econ\u00f3micas no sean un impedimento para continuar con su formaci\u00f3n, el gobernador Alfonso Durazo Monta\u00f1o invit\u00f3 a participar en la convocatoria del programa de becas [&hellip;]<\/p>\n","protected":false},"author":2,"featured_media":228323,"comment_status":"closed","ping_status":"closed","sticky":false,"template":"","format":"standard","meta":{"footnotes":""},"categories":[12870,178],"tags":[12865,12869],"class_list":["post-228326","post","type-post","status-publish","format-standard","has-post-thumbnail","hentry","category-destacadas","category-local","tag-destacadas","tag-local"],"jetpack_featured_media_url":"https:\/\/rnoticias.com.mx\/Portal\/wp-content\/uploads\/2025\/09\/unnamed-3.jpg","amp_enabled":true,"_links":{"self":[{"href":"https:\/\/rnoticias.com.mx\/Portal\/wp-json\/wp\/v2\/posts\/228326","targetHints":{"allow":["GET"]}}],"collection":[{"href":"https:\/\/rnoticias.com.mx\/Portal\/wp-json\/wp\/v2\/posts"}],"about":[{"href":"https:\/\/rnoticias.com.mx\/Portal\/wp-json\/wp\/v2\/types\/post"}],"author":[{"embeddable":true,"href":"https:\/\/rnoticias.com.mx\/Portal\/wp-json\/wp\/v2\/users\/2"}],"replies":[{"embeddable":true,"href":"https:\/\/rnoticias.com.mx\/Portal\/wp-json\/wp\/v2\/comments?post=228326"}],"version-history":[{"count":1,"href":"https:\/\/rnoticias.com.mx\/Portal\/wp-json\/wp\/v2\/posts\/228326\/revisions"}],"predecessor-version":[{"id":228327,"href":"https:\/\/rnoticias.com.mx\/Portal\/wp-json\/wp\/v2\/posts\/228326\/revisions\/228327"}],"wp:featuredmedia":[{"embeddable":true,"href":"https:\/\/rnoticias.com.mx\/Portal\/wp-json\/wp\/v2\/media\/228323"}],"wp:attachment":[{"href":"https:\/\/rnoticias.com.mx\/Portal\/wp-json\/wp\/v2\/media?parent=228326"}],"wp:term":[{"taxonomy":"category","embeddable":true,"href":"https:\/\/rnoticias.com.mx\/Portal\/wp-json\/wp\/v2\/categories?post=228326"},{"taxonomy":"post_tag","embeddable":true,"href":"https:\/\/rnoticias.com.mx\/Portal\/wp-json\/wp\/v2\/tags?post=228326"}],"curies":[{"name":"wp","href":"https:\/\/api.w.org\/{rel}","templated":true}]}}