{"id":228311,"date":"2025-09-01T10:19:56","date_gmt":"2025-09-01T17:19:56","guid":{"rendered":"https:\/\/rnoticias.com.mx\/Portal\/?p=228311"},"modified":"2025-09-01T10:19:56","modified_gmt":"2025-09-01T17:19:56","slug":"inicia-nueva-era-en-el-poder-judicial-de-mexico-integrantes-electos-asumen-cargos","status":"publish","type":"post","link":"https:\/\/rnoticias.com.mx\/Portal\/2025\/09\/01\/inicia-nueva-era-en-el-poder-judicial-de-mexico-integrantes-electos-asumen-cargos\/","title":{"rendered":"Inicia &#8220;nueva era&#8221; en el Poder Judicial de M\u00e9xico: integrantes electos asumen cargos"},"content":{"rendered":"<p>La\u00a0<strong>Suprema Corte de Justicia de la Naci\u00f3n<\/strong>\u00a0(SCJN) dio a conocer la primera fotograf\u00eda oficial de los\u00a0<strong>nueve ministros electos<\/strong>\u00a0que a partir de este lunes integrar\u00e1n el pleno del m\u00e1ximo tribunal del pa\u00eds.<\/p>\n<p>Al centro de la imagen, publicada en la p\u00e1gina de internet de la SCJN, aparece el ministro presidente\u00a0<strong>Hugo Aguilar Ortiz<\/strong>, con una toga con atuendos ind\u00edgenas en solapa y manga, en honor a los\u00a0<strong>pueblos originarios<\/strong>\u00a0de M\u00e9xico. A su derecha, se encuentra la ministra\u00a0<strong>Lenia Batres Guadarrama<\/strong>, quien asumir\u00e1 la presencia de la Corte despu\u00e9s de que Aguilar Ortiz concluya su periodo de dos a\u00f1os.<\/p>\n<p>Tambi\u00e9n se encuentra las ministras Yasm\u00edn Esquivel Mossa, Mar\u00eda Estela R\u00edos Gonz\u00e1lez, Sara Irene Herrer\u00edas, Irving Espinosa Betanzo, Giovanni Azael Figueroa y Aristides Rodrigo Guerrerom quienes portan por primera vez la\u00a0<strong>toga de ministro de la SCJN<\/strong>\u00a0, cargo que asumir\u00e1n esta noche en sesi\u00f3n solemne.<\/p>\n<p>Como primera actividad de este lunes, Aguilar Ortiz y Batres Guadarrama acudieron en la ma\u00f1ana a la zona arqueol\u00f3gica de Cuicuilco, al sur de la\u00a0<strong>Ciudad de M\u00e9xico<\/strong>, para participar en una\u00a0<strong>ceremonia de consagraci\u00f3n de los bastones<\/strong>\u00a0de mando organizada por diversas comunidades ind\u00edgenas y afromexicanas.<\/p>\n<p>Con ello, M\u00e9xico inicia una &#8220;nueva era&#8221; con la integraci\u00f3n de los primeros jueces elegidos por\u00a0<strong>voto popular<\/strong>, representando un hito para la justicia mexicana. Ministros de la Suprema Corte, magistrados del tribunal electoral y numerosos juzgadores distritales y estatales constituyen los\u00a0<strong>m\u00e1s de 800 cargos<\/strong>\u00a0que asumen funciones este lunes, tras haber sido elegidos el pasado 1 de junio, en una\u00a0<strong>elecci\u00f3n judicial<\/strong>\u00a0sin precedentes y tambi\u00e9n con muchas cr\u00edticas por la escasa participaci\u00f3n, denuncias de irregularidades y mecanismos il\u00edcitos que se emplearon para realizar el voto.<\/p>\n<p>&nbsp;<\/p>\n<p>Fuente: El Universal<\/p>\n","protected":false},"excerpt":{"rendered":"<p>La\u00a0Suprema Corte de Justicia de la Naci\u00f3n\u00a0(SCJN) dio a conocer la primera fotograf\u00eda oficial de los\u00a0nueve ministros electos\u00a0que a partir de este lunes integrar\u00e1n el pleno del m\u00e1ximo tribunal del pa\u00eds. Al centro de la imagen, publicada en la p\u00e1gina de internet de la SCJN, aparece el ministro presidente\u00a0Hugo Aguilar Ortiz, con una toga con [&hellip;]<\/p>\n","protected":false},"author":2,"featured_media":228312,"comment_status":"closed","ping_status":"closed","sticky":false,"template":"","format":"standard","meta":{"footnotes":""},"categories":[12870,12868],"tags":[12865,12879],"class_list":["post-228311","post","type-post","status-publish","format-standard","has-post-thumbnail","hentry","category-destacadas","category-politica","tag-destacadas","tag-politica"],"jetpack_featured_media_url":"https:\/\/rnoticias.com.mx\/Portal\/wp-content\/uploads\/2025\/09\/922f8c6de19c00513a9c86381294bf46.webp","amp_enabled":true,"_links":{"self":[{"href":"https:\/\/rnoticias.com.mx\/Portal\/wp-json\/wp\/v2\/posts\/228311","targetHints":{"allow":["GET"]}}],"collection":[{"href":"https:\/\/rnoticias.com.mx\/Portal\/wp-json\/wp\/v2\/posts"}],"about":[{"href":"https:\/\/rnoticias.com.mx\/Portal\/wp-json\/wp\/v2\/types\/post"}],"author":[{"embeddable":true,"href":"https:\/\/rnoticias.com.mx\/Portal\/wp-json\/wp\/v2\/users\/2"}],"replies":[{"embeddable":true,"href":"https:\/\/rnoticias.com.mx\/Portal\/wp-json\/wp\/v2\/comments?post=228311"}],"version-history":[{"count":1,"href":"https:\/\/rnoticias.com.mx\/Portal\/wp-json\/wp\/v2\/posts\/228311\/revisions"}],"predecessor-version":[{"id":228313,"href":"https:\/\/rnoticias.com.mx\/Portal\/wp-json\/wp\/v2\/posts\/228311\/revisions\/228313"}],"wp:featuredmedia":[{"embeddable":true,"href":"https:\/\/rnoticias.com.mx\/Portal\/wp-json\/wp\/v2\/media\/228312"}],"wp:attachment":[{"href":"https:\/\/rnoticias.com.mx\/Portal\/wp-json\/wp\/v2\/media?parent=228311"}],"wp:term":[{"taxonomy":"category","embeddable":true,"href":"https:\/\/rnoticias.com.mx\/Portal\/wp-json\/wp\/v2\/categories?post=228311"},{"taxonomy":"post_tag","embeddable":true,"href":"https:\/\/rnoticias.com.mx\/Portal\/wp-json\/wp\/v2\/tags?post=228311"}],"curies":[{"name":"wp","href":"https:\/\/api.w.org\/{rel}","templated":true}]}}