{"id":228287,"date":"2025-08-31T21:26:36","date_gmt":"2025-09-01T04:26:36","guid":{"rendered":"https:\/\/rnoticias.com.mx\/Portal\/?p=228287"},"modified":"2025-08-31T21:26:36","modified_gmt":"2025-09-01T04:26:36","slug":"ataques-armados-a-hospitales-en-culiacan-dejan-cinco-muertos","status":"publish","type":"post","link":"https:\/\/rnoticias.com.mx\/Portal\/2025\/08\/31\/ataques-armados-a-hospitales-en-culiacan-dejan-cinco-muertos\/","title":{"rendered":"Ataques armados a hospitales en Culiac\u00e1n dejan cinco muertos"},"content":{"rendered":"<p>Los\u00a0<strong>ataques armados<\/strong>\u00a0ocurridos en las \u00faltimas horas en tres\u00a0<strong>hospitales<\/strong>\u00a0de la ciudad de Culiac\u00e1n,\u00a0<strong>Sinaloa<\/strong>, dejaron como saldo al menos\u00a0<strong>cinco personas asesinadas<\/strong>.<\/p>\n<p>La\u00a0<strong>Secretar\u00eda de Seguridad P\u00fablica de Sinaloa<\/strong>\u00a0(SSPS) confirm\u00f3 el reporte de detonaciones de arma de fuego tanto en el\u00a0<strong>Hospital General de Culiac\u00e1n<\/strong>, como en una\u00a0<strong>cl\u00ednica privada\u00a0<\/strong>en la colonia Centro, ambos casos ocurridos el s\u00e1bado.<\/p>\n<p>Seg\u00fan los primeros reportes, la agresi\u00f3n en el Hospital General de Culiac\u00e1n, ubicado cerca de la carretera a Imala, ocurri\u00f3 luego de que sujetos vestidos de\u00a0<strong>personal m\u00e9dico<\/strong>\u00a0asesinaron a balazos un paciente que se encontraba internado por una herida de bala. Medios locales identificaron al fallecido como Fausto Yuriel, alias \u2018el Chino Pelucas\u2019, de 21 a\u00f1os. Previamente, informes de medios reportaron otro ataque a balazos en un hospital privado del primer cuadro de Culiac\u00e1n, donde un paciente de 20 a\u00f1os fue ejecutado en una\u00a0<strong>agresi\u00f3n directa<\/strong>.<\/p>\n<p>La noche del viernes, la SSPS inform\u00f3 de \u201creportes de disparos en las inmediaciones del\u00a0<strong>Hospital Civil<\/strong>\u00a0de Culiac\u00e1n, y pidi\u00f3 a la poblaci\u00f3n circular por la zona con precauci\u00f3n, encender la luz interior de sus veh\u00edculos y bajar los vidrios \u201cpara facilitar las labores preventivas\u201d. El ataque fue perpetrado por\u00a0<strong>sujetos armados<\/strong>\u00a0que viajaban en un veh\u00edculo y dispararon contra las instalaciones del hospital, ubicado en la colonia Tierra Blanca, dejando al menos tres personas asesinadas y cuatro heridas, entre ellas, una menor de edad, de acuerdo con los reportes.<\/p>\n<p>&nbsp;<\/p>\n<p>Fuente: Aristegui Noticias<\/p>\n","protected":false},"excerpt":{"rendered":"<p>Los\u00a0ataques armados\u00a0ocurridos en las \u00faltimas horas en tres\u00a0hospitales\u00a0de la ciudad de Culiac\u00e1n,\u00a0Sinaloa, dejaron como saldo al menos\u00a0cinco personas asesinadas. La\u00a0Secretar\u00eda de Seguridad P\u00fablica de Sinaloa\u00a0(SSPS) confirm\u00f3 el reporte de detonaciones de arma de fuego tanto en el\u00a0Hospital General de Culiac\u00e1n, como en una\u00a0cl\u00ednica privada\u00a0en la colonia Centro, ambos casos ocurridos el s\u00e1bado. Seg\u00fan los primeros [&hellip;]<\/p>\n","protected":false},"author":2,"featured_media":228288,"comment_status":"closed","ping_status":"closed","sticky":false,"template":"","format":"standard","meta":{"footnotes":""},"categories":[12870,172],"tags":[12865,12874],"class_list":["post-228287","post","type-post","status-publish","format-standard","has-post-thumbnail","hentry","category-destacadas","category-nacional","tag-destacadas","tag-nacional"],"jetpack_featured_media_url":"https:\/\/rnoticias.com.mx\/Portal\/wp-content\/uploads\/2025\/08\/un-asesinato-hospital-general-culiacan-sinaloa.jpg","amp_enabled":true,"_links":{"self":[{"href":"https:\/\/rnoticias.com.mx\/Portal\/wp-json\/wp\/v2\/posts\/228287","targetHints":{"allow":["GET"]}}],"collection":[{"href":"https:\/\/rnoticias.com.mx\/Portal\/wp-json\/wp\/v2\/posts"}],"about":[{"href":"https:\/\/rnoticias.com.mx\/Portal\/wp-json\/wp\/v2\/types\/post"}],"author":[{"embeddable":true,"href":"https:\/\/rnoticias.com.mx\/Portal\/wp-json\/wp\/v2\/users\/2"}],"replies":[{"embeddable":true,"href":"https:\/\/rnoticias.com.mx\/Portal\/wp-json\/wp\/v2\/comments?post=228287"}],"version-history":[{"count":1,"href":"https:\/\/rnoticias.com.mx\/Portal\/wp-json\/wp\/v2\/posts\/228287\/revisions"}],"predecessor-version":[{"id":228289,"href":"https:\/\/rnoticias.com.mx\/Portal\/wp-json\/wp\/v2\/posts\/228287\/revisions\/228289"}],"wp:featuredmedia":[{"embeddable":true,"href":"https:\/\/rnoticias.com.mx\/Portal\/wp-json\/wp\/v2\/media\/228288"}],"wp:attachment":[{"href":"https:\/\/rnoticias.com.mx\/Portal\/wp-json\/wp\/v2\/media?parent=228287"}],"wp:term":[{"taxonomy":"category","embeddable":true,"href":"https:\/\/rnoticias.com.mx\/Portal\/wp-json\/wp\/v2\/categories?post=228287"},{"taxonomy":"post_tag","embeddable":true,"href":"https:\/\/rnoticias.com.mx\/Portal\/wp-json\/wp\/v2\/tags?post=228287"}],"curies":[{"name":"wp","href":"https:\/\/api.w.org\/{rel}","templated":true}]}}