{"id":228284,"date":"2025-08-31T21:25:42","date_gmt":"2025-09-01T04:25:42","guid":{"rendered":"https:\/\/rnoticias.com.mx\/Portal\/?p=228284"},"modified":"2025-08-31T21:25:42","modified_gmt":"2025-09-01T04:25:42","slug":"zelenski-anuncia-nuevos-ataques-para-contrarrestar-la-ofensiva-rusa","status":"publish","type":"post","link":"https:\/\/rnoticias.com.mx\/Portal\/2025\/08\/31\/zelenski-anuncia-nuevos-ataques-para-contrarrestar-la-ofensiva-rusa\/","title":{"rendered":"Zelenski anuncia nuevos ataques para contrarrestar la ofensiva rusa"},"content":{"rendered":"<p><mark><strong>El presidente ucraniano, Volodimir Zelenski, anunci\u00f3 este domingo &#8220;nuevos ataques profundos&#8221; para contrarrestar los esfuerzos ofensivos de las fuerzas invasoras rusas.<\/strong><\/mark><\/p>\n<p><strong>&#8220;Continuaremos con nuestras operaciones tal y como son necesarias para la defensa de Ucrania.<\/strong>\u00a0Las fuerzas armadas est\u00e1n preparadas. Tambi\u00e9n est\u00e1n planeados nuevos ataques profundos&#8221;, dijo Zelenski en su cuenta de X tras un encuentro con el general Oleksandr Sirki.<\/p>\n<p><strong>Ucrania ha intensificado los ataques, seg\u00fan el presidente, contra la infraestructura energ\u00e9tica rusa.<\/strong><\/p>\n<p>Seg\u00fan Zelenski, las unidades ucranianas siguen<mark><strong>\u00a0&#8220;cumpliendo las tareas asignadas en la regi\u00f3n de Donetsk y destruyen met\u00f3dicamente al ocupante&#8221;.<\/strong><\/mark><\/p>\n<p><strong>&#8220;En todo el frente, tan solo en los primeros ocho meses de este a\u00f1o, los rusos han perdido m\u00e1s de 290 mil soldados<\/strong>, entre muertos y heridos graves. La mayor\u00eda de estas p\u00e9rdidas se produjeron precisamente en la regi\u00f3n de Donetsk, sin lograr ninguno de sus objetivos estrat\u00e9gicos.\u00a0<strong>En ciertos sectores del frente, nuestras medidas de estabilizaci\u00f3n est\u00e1n en marcha&#8221;,<\/strong>\u00a0a\u00f1adi\u00f3.<\/p>\n","protected":false},"excerpt":{"rendered":"<p>El presidente ucraniano, Volodimir Zelenski, anunci\u00f3 este domingo &#8220;nuevos ataques profundos&#8221; para contrarrestar los esfuerzos ofensivos de las fuerzas invasoras rusas. &#8220;Continuaremos con nuestras operaciones tal y como son necesarias para la defensa de Ucrania.\u00a0Las fuerzas armadas est\u00e1n preparadas. Tambi\u00e9n est\u00e1n planeados nuevos ataques profundos&#8221;, dijo Zelenski en su cuenta de X tras un encuentro [&hellip;]<\/p>\n","protected":false},"author":2,"featured_media":228285,"comment_status":"closed","ping_status":"closed","sticky":false,"template":"","format":"standard","meta":{"footnotes":""},"categories":[12870,182],"tags":[12865,12871],"class_list":["post-228284","post","type-post","status-publish","format-standard","has-post-thumbnail","hentry","category-destacadas","category-internacional","tag-destacadas","tag-internacional"],"jetpack_featured_media_url":"https:\/\/rnoticias.com.mx\/Portal\/wp-content\/uploads\/2025\/08\/Zelenski-1-4-1.jpg","amp_enabled":true,"_links":{"self":[{"href":"https:\/\/rnoticias.com.mx\/Portal\/wp-json\/wp\/v2\/posts\/228284","targetHints":{"allow":["GET"]}}],"collection":[{"href":"https:\/\/rnoticias.com.mx\/Portal\/wp-json\/wp\/v2\/posts"}],"about":[{"href":"https:\/\/rnoticias.com.mx\/Portal\/wp-json\/wp\/v2\/types\/post"}],"author":[{"embeddable":true,"href":"https:\/\/rnoticias.com.mx\/Portal\/wp-json\/wp\/v2\/users\/2"}],"replies":[{"embeddable":true,"href":"https:\/\/rnoticias.com.mx\/Portal\/wp-json\/wp\/v2\/comments?post=228284"}],"version-history":[{"count":1,"href":"https:\/\/rnoticias.com.mx\/Portal\/wp-json\/wp\/v2\/posts\/228284\/revisions"}],"predecessor-version":[{"id":228286,"href":"https:\/\/rnoticias.com.mx\/Portal\/wp-json\/wp\/v2\/posts\/228284\/revisions\/228286"}],"wp:featuredmedia":[{"embeddable":true,"href":"https:\/\/rnoticias.com.mx\/Portal\/wp-json\/wp\/v2\/media\/228285"}],"wp:attachment":[{"href":"https:\/\/rnoticias.com.mx\/Portal\/wp-json\/wp\/v2\/media?parent=228284"}],"wp:term":[{"taxonomy":"category","embeddable":true,"href":"https:\/\/rnoticias.com.mx\/Portal\/wp-json\/wp\/v2\/categories?post=228284"},{"taxonomy":"post_tag","embeddable":true,"href":"https:\/\/rnoticias.com.mx\/Portal\/wp-json\/wp\/v2\/tags?post=228284"}],"curies":[{"name":"wp","href":"https:\/\/api.w.org\/{rel}","templated":true}]}}