{"id":228277,"date":"2025-08-31T21:22:47","date_gmt":"2025-09-01T04:22:47","guid":{"rendered":"https:\/\/rnoticias.com.mx\/Portal\/?p=228277"},"modified":"2025-08-31T21:22:47","modified_gmt":"2025-09-01T04:22:47","slug":"gobierno-de-sonora-anuncia-dos-rutas-alimentadoras-de-transporte-urbano-al-norte-y-sur-de-hermosillo","status":"publish","type":"post","link":"https:\/\/rnoticias.com.mx\/Portal\/2025\/08\/31\/gobierno-de-sonora-anuncia-dos-rutas-alimentadoras-de-transporte-urbano-al-norte-y-sur-de-hermosillo\/","title":{"rendered":"Gobierno de Sonora anuncia dos rutas alimentadoras de transporte urbano al norte y sur de Hermosillo"},"content":{"rendered":"<p>Hermosillo, Sonora; 30 de agosto de 2025.- Con el prop\u00f3sito de mejorar la cobertura del servicio de transporte p\u00fablico urbano, el Gobierno de Sonora anuncia la implementaci\u00f3n de dos rutas alimentadoras en el norte y sur de Hermosillo, comenzando este lunes primero de septiembre.<\/p>\n<p>Carlos Sosa Casta\u00f1eda, coordinador ejecutivo del Instituto de Movilidad y Transporte para el Estado de Sonora, inform\u00f3 que las nuevas rutas podr\u00e1n ser identificadas como Pueblitos-Estadio H\u00e9ctor Espino y Villas del Sur-Musas, mismas que su dise\u00f1o permitir\u00e1 reducir los tiempos de espera en las zonas y horarios de alta demanda de las personas usuarias.<\/p>\n<p>Cobertura Alimentadora Pueblitos-Estadio H\u00e9ctor Espino:<\/p>\n<p>Bulevar Agust\u00edn Zamora, Pueblo Nuevo y Solidaridad.<\/p>\n<p>Frecuencia de paso: 13 minutos.<\/p>\n<p>Cobertura Alimentadora Villas del Sur-Musas:<\/p>\n<p>Bulevar Pitahaya Madura, calzada Santa Clara, Xolotl, Agust\u00edn de Vild\u00f3sola y Cultura.<\/p>\n<p>Frecuencia de paso: 17 minutos.<\/p>\n<p>Horarios:<\/p>\n<p>\u2022 Ma\u00f1ana: 5:30 a.m. \u2013 9:00 a.m.<\/p>\n<p>\u2022 Mediod\u00eda: 12:00 p.m. \u2013 3:00 p.m.<\/p>\n<p>\u2022 Tarde: 6:00 p.m. \u2013 9:00 p.m.<\/p>\n<p>Cualquier situaci\u00f3n relacionada con el servicio p\u00fablico de transporte urbano, el Gobierno de Sonora pone a disposici\u00f3n de la ciudadan\u00eda la L\u00ednea de Atenci\u00f3n del IMTES: mensaje WhatsApp 6624 70 50 50, o llamada telef\u00f3nica al 800 71 71 110. Para verificaci\u00f3n y seguimiento, deber\u00e1n proporcionar n\u00famero de unidad, fecha, direcci\u00f3n y hora aproximada.<\/p>\n","protected":false},"excerpt":{"rendered":"<p>Hermosillo, Sonora; 30 de agosto de 2025.- Con el prop\u00f3sito de mejorar la cobertura del servicio de transporte p\u00fablico urbano, el Gobierno de Sonora anuncia la implementaci\u00f3n de dos rutas alimentadoras en el norte y sur de Hermosillo, comenzando este lunes primero de septiembre. Carlos Sosa Casta\u00f1eda, coordinador ejecutivo del Instituto de Movilidad y Transporte [&hellip;]<\/p>\n","protected":false},"author":2,"featured_media":228278,"comment_status":"closed","ping_status":"closed","sticky":false,"template":"","format":"standard","meta":{"footnotes":""},"categories":[12870,178],"tags":[12865,12869],"class_list":["post-228277","post","type-post","status-publish","format-standard","has-post-thumbnail","hentry","category-destacadas","category-local","tag-destacadas","tag-local"],"jetpack_featured_media_url":"https:\/\/rnoticias.com.mx\/Portal\/wp-content\/uploads\/2025\/08\/343.jpg","amp_enabled":true,"_links":{"self":[{"href":"https:\/\/rnoticias.com.mx\/Portal\/wp-json\/wp\/v2\/posts\/228277","targetHints":{"allow":["GET"]}}],"collection":[{"href":"https:\/\/rnoticias.com.mx\/Portal\/wp-json\/wp\/v2\/posts"}],"about":[{"href":"https:\/\/rnoticias.com.mx\/Portal\/wp-json\/wp\/v2\/types\/post"}],"author":[{"embeddable":true,"href":"https:\/\/rnoticias.com.mx\/Portal\/wp-json\/wp\/v2\/users\/2"}],"replies":[{"embeddable":true,"href":"https:\/\/rnoticias.com.mx\/Portal\/wp-json\/wp\/v2\/comments?post=228277"}],"version-history":[{"count":1,"href":"https:\/\/rnoticias.com.mx\/Portal\/wp-json\/wp\/v2\/posts\/228277\/revisions"}],"predecessor-version":[{"id":228279,"href":"https:\/\/rnoticias.com.mx\/Portal\/wp-json\/wp\/v2\/posts\/228277\/revisions\/228279"}],"wp:featuredmedia":[{"embeddable":true,"href":"https:\/\/rnoticias.com.mx\/Portal\/wp-json\/wp\/v2\/media\/228278"}],"wp:attachment":[{"href":"https:\/\/rnoticias.com.mx\/Portal\/wp-json\/wp\/v2\/media?parent=228277"}],"wp:term":[{"taxonomy":"category","embeddable":true,"href":"https:\/\/rnoticias.com.mx\/Portal\/wp-json\/wp\/v2\/categories?post=228277"},{"taxonomy":"post_tag","embeddable":true,"href":"https:\/\/rnoticias.com.mx\/Portal\/wp-json\/wp\/v2\/tags?post=228277"}],"curies":[{"name":"wp","href":"https:\/\/api.w.org\/{rel}","templated":true}]}}