{"id":228274,"date":"2025-08-31T21:19:03","date_gmt":"2025-09-01T04:19:03","guid":{"rendered":"https:\/\/rnoticias.com.mx\/Portal\/?p=228274"},"modified":"2025-08-31T21:19:03","modified_gmt":"2025-09-01T04:19:03","slug":"gobernador-durazo-convierte-a-sonora-en-el-centro-economico-y-logistico-del-noroeste-de-mexico","status":"publish","type":"post","link":"https:\/\/rnoticias.com.mx\/Portal\/2025\/08\/31\/gobernador-durazo-convierte-a-sonora-en-el-centro-economico-y-logistico-del-noroeste-de-mexico\/","title":{"rendered":"Gobernador Durazo convierte a Sonora en el centro econ\u00f3mico y log\u00edstico del noroeste de M\u00e9xico"},"content":{"rendered":"<p>Hermosillo, Sonora; 30 de agosto de 2025.- Como parte del compromiso de convertir a Sonora en el eje estrat\u00e9gico del desarrollo econ\u00f3mico y log\u00edstico del norte de M\u00e9xico, el gobernador Alfonso Durazo Monta\u00f1o impulsa la modernizaci\u00f3n del Aeropuerto Internacional de Guaymas y el de Ciudad Obreg\u00f3n, as\u00ed como el Puerto de Guaymas y la construcci\u00f3n de la carretera Guaymas-Chihuahua.<\/p>\n<p>El mandatario estatal destac\u00f3 que estas obras representan una transformaci\u00f3n integral que potenciar\u00e1 la conectividad a\u00e9rea, terrestre y portuaria, atrayendo m\u00e1s visitantes, inversiones y generando empleos para las y los sonorenses.<\/p>\n<p>En coordinaci\u00f3n con la Secretar\u00eda de Marina y el Grupo Aeroportuario Marina, en julio de este a\u00f1o se puso en marcha la ampliaci\u00f3n de pista y rehabilitaci\u00f3n del estacionamiento de la terminal a\u00e9rea, con un presupuesto de 525 millones de pesos.<\/p>\n<p>Adem\u00e1s, este 2025 iniciar\u00e1n la rehabilitaci\u00f3n de un hangar, la ampliaci\u00f3n de la Sala de \u00daltima Espera y la construcci\u00f3n de una nueva torre de control, garantizando seguridad, eficiencia y comodidad para pasajeros y aerol\u00edneas.<\/p>\n<p>As\u00ed mismo, con una inversi\u00f3n de 449 millones de pesos, se inici\u00f3 la modernizaci\u00f3n del Aeropuerto Internacional de Guaymas &#8211; General Jos\u00e9 Mar\u00eda Y\u00e1\u00f1ez, que incluye la ampliaci\u00f3n y rehabilitaci\u00f3n de pista, plataforma y calles de rodaje, la construcci\u00f3n de una torre de control y obras complementarias en el edificio terminal y servicios auxiliares.<\/p>\n<p>El gobernador Durazo destac\u00f3 el avance de la modernizaci\u00f3n de la Carretera Guaymas-Chihuahua, con una inversi\u00f3n de mil 520 millones de pesos aplicada en tres tramos de 20 kil\u00f3metros cada uno. Esta obra estrat\u00e9gica permitir\u00e1 facilitar el tr\u00e1nsito de mercanc\u00edas, fortalecer el intercambio comercial y potenciar al Puerto de Guaymas como polo de desarrollo econ\u00f3mico, en el marco del Plan Sonora de Energ\u00edas Sostenibles.<\/p>\n<p>Con estas acciones, el gobernador Alfonso Durazo Monta\u00f1o reafirma su visi\u00f3n de construir un Sonora m\u00e1s competitivo, moderno y sustentable, consolidando al estado como un referente en desarrollo log\u00edstico, tur\u00edstico y econ\u00f3mico en M\u00e9xico y Am\u00e9rica del Norte.<\/p>\n","protected":false},"excerpt":{"rendered":"<p>Hermosillo, Sonora; 30 de agosto de 2025.- Como parte del compromiso de convertir a Sonora en el eje estrat\u00e9gico del desarrollo econ\u00f3mico y log\u00edstico del norte de M\u00e9xico, el gobernador Alfonso Durazo Monta\u00f1o impulsa la modernizaci\u00f3n del Aeropuerto Internacional de Guaymas y el de Ciudad Obreg\u00f3n, as\u00ed como el Puerto de Guaymas y la construcci\u00f3n [&hellip;]<\/p>\n","protected":false},"author":2,"featured_media":228275,"comment_status":"closed","ping_status":"closed","sticky":false,"template":"","format":"standard","meta":{"footnotes":""},"categories":[12870,178],"tags":[12865,12869],"class_list":["post-228274","post","type-post","status-publish","format-standard","has-post-thumbnail","hentry","category-destacadas","category-local","tag-destacadas","tag-local"],"jetpack_featured_media_url":"https:\/\/rnoticias.com.mx\/Portal\/wp-content\/uploads\/2025\/08\/unnamed-1-35.jpg","amp_enabled":true,"_links":{"self":[{"href":"https:\/\/rnoticias.com.mx\/Portal\/wp-json\/wp\/v2\/posts\/228274","targetHints":{"allow":["GET"]}}],"collection":[{"href":"https:\/\/rnoticias.com.mx\/Portal\/wp-json\/wp\/v2\/posts"}],"about":[{"href":"https:\/\/rnoticias.com.mx\/Portal\/wp-json\/wp\/v2\/types\/post"}],"author":[{"embeddable":true,"href":"https:\/\/rnoticias.com.mx\/Portal\/wp-json\/wp\/v2\/users\/2"}],"replies":[{"embeddable":true,"href":"https:\/\/rnoticias.com.mx\/Portal\/wp-json\/wp\/v2\/comments?post=228274"}],"version-history":[{"count":1,"href":"https:\/\/rnoticias.com.mx\/Portal\/wp-json\/wp\/v2\/posts\/228274\/revisions"}],"predecessor-version":[{"id":228276,"href":"https:\/\/rnoticias.com.mx\/Portal\/wp-json\/wp\/v2\/posts\/228274\/revisions\/228276"}],"wp:featuredmedia":[{"embeddable":true,"href":"https:\/\/rnoticias.com.mx\/Portal\/wp-json\/wp\/v2\/media\/228275"}],"wp:attachment":[{"href":"https:\/\/rnoticias.com.mx\/Portal\/wp-json\/wp\/v2\/media?parent=228274"}],"wp:term":[{"taxonomy":"category","embeddable":true,"href":"https:\/\/rnoticias.com.mx\/Portal\/wp-json\/wp\/v2\/categories?post=228274"},{"taxonomy":"post_tag","embeddable":true,"href":"https:\/\/rnoticias.com.mx\/Portal\/wp-json\/wp\/v2\/tags?post=228274"}],"curies":[{"name":"wp","href":"https:\/\/api.w.org\/{rel}","templated":true}]}}