{"id":228271,"date":"2025-08-31T21:18:23","date_gmt":"2025-09-01T04:18:23","guid":{"rendered":"https:\/\/rnoticias.com.mx\/Portal\/?p=228271"},"modified":"2025-08-31T21:18:23","modified_gmt":"2025-09-01T04:18:23","slug":"gobierno-de-sonora-garantiza-transporte-seguro-en-el-regreso-a-clases-de-educacion-basica","status":"publish","type":"post","link":"https:\/\/rnoticias.com.mx\/Portal\/2025\/08\/31\/gobierno-de-sonora-garantiza-transporte-seguro-en-el-regreso-a-clases-de-educacion-basica\/","title":{"rendered":"Gobierno de Sonora garantiza transporte seguro en el regreso a clases de educaci\u00f3n b\u00e1sica"},"content":{"rendered":"<p>Hermosillo, Sonora; 31 de agosto de 2025.- Con el inicio del ciclo escolar en educaci\u00f3n b\u00e1sica, el Gobierno de Sonora garantiza movilidad segura a la comunidad educativa, madres y padres de familia, quienes regresan a las aulas este lunes primero de septiembre.<\/p>\n<p>En esta primera semana de clases, y gracias al compromiso del gobernador Alfonso Durazo, por primera vez iniciar\u00e1n operaci\u00f3n siete nuevas rutas de transporte con unidades 2025 en los municipios de \u00c1lamos, B\u00e1cum, Cucurpe, Bavispe, Bacad\u00e9huachi, Moctezuma y Quiriego.<\/p>\n<p>Carlos Sosa Casta\u00f1eda, coordinador ejecutivo del Instituto de Movilidad y Transporte para el Estado de Sonora (IMTES), inform\u00f3 que, de acuerdo con el Programa Operativo de Servicio (POS), el transporte p\u00fablico en el estado operar\u00e1 con 710 unidades en 132 rutas, mismas que brindar\u00e1n cobertura en 23 municipios.<\/p>\n<p>En la capital sonorense, el sistema de transporte p\u00fablico urbano estar\u00e1 operando con 344 unidades, garantizando a alumnos y sus familias el traslado a las escuelas de manera oportuna.<\/p>\n<p>Adem\u00e1s, se incorporan 240 camiones para brindar el servicio de transporte escolar a las diferentes instituciones educativas de nivel b\u00e1sico, operado por la Secretar\u00eda de Educaci\u00f3n y Cultura (SEC), en coordinaci\u00f3n con la Asociaci\u00f3n Estatal de Padres de Familia.<\/p>\n<p>Hizo un llamado a considerar las diferentes situaciones que se presentan al viajar en transporte p\u00fablico, como son: el tr\u00e1nsito vehicular y la m\u00e1xima capacidad de las unidades en horas pico, las obras p\u00fablicas viales, obstrucci\u00f3n de paradas y carriles de circulaci\u00f3n, por lo que recomienda salir con antelaci\u00f3n para que lleguen a tiempo a escuelas, centros de trabajo y dem\u00e1s lugares de inter\u00e9s, adem\u00e1s de prestar atenci\u00f3n a las recomendaciones de las autoridades de Tr\u00e1nsito Municipal.<\/p>\n<p>En caso de comentarios, quejas o sugerencias sobre el transporte p\u00fablico, el Gobierno de Sonora pone a disposici\u00f3n de la ciudadan\u00eda la L\u00ednea de Atenci\u00f3n del IMTES: mensaje de WhatsApp al 6624 70 50 50, o llamada telef\u00f3nica al 800 71 71 110. Para verificaci\u00f3n y seguimiento, deber\u00e1n proporcionar n\u00famero de unidad, fecha, direcci\u00f3n y hora aproximada.<\/p>\n","protected":false},"excerpt":{"rendered":"<p>Hermosillo, Sonora; 31 de agosto de 2025.- Con el inicio del ciclo escolar en educaci\u00f3n b\u00e1sica, el Gobierno de Sonora garantiza movilidad segura a la comunidad educativa, madres y padres de familia, quienes regresan a las aulas este lunes primero de septiembre. En esta primera semana de clases, y gracias al compromiso del gobernador Alfonso [&hellip;]<\/p>\n","protected":false},"author":2,"featured_media":228272,"comment_status":"closed","ping_status":"closed","sticky":false,"template":"","format":"standard","meta":{"footnotes":""},"categories":[12870,178],"tags":[12865,12869],"class_list":["post-228271","post","type-post","status-publish","format-standard","has-post-thumbnail","hentry","category-destacadas","category-local","tag-destacadas","tag-local"],"jetpack_featured_media_url":"https:\/\/rnoticias.com.mx\/Portal\/wp-content\/uploads\/2025\/08\/unnamed-98.jpg","amp_enabled":true,"_links":{"self":[{"href":"https:\/\/rnoticias.com.mx\/Portal\/wp-json\/wp\/v2\/posts\/228271","targetHints":{"allow":["GET"]}}],"collection":[{"href":"https:\/\/rnoticias.com.mx\/Portal\/wp-json\/wp\/v2\/posts"}],"about":[{"href":"https:\/\/rnoticias.com.mx\/Portal\/wp-json\/wp\/v2\/types\/post"}],"author":[{"embeddable":true,"href":"https:\/\/rnoticias.com.mx\/Portal\/wp-json\/wp\/v2\/users\/2"}],"replies":[{"embeddable":true,"href":"https:\/\/rnoticias.com.mx\/Portal\/wp-json\/wp\/v2\/comments?post=228271"}],"version-history":[{"count":1,"href":"https:\/\/rnoticias.com.mx\/Portal\/wp-json\/wp\/v2\/posts\/228271\/revisions"}],"predecessor-version":[{"id":228273,"href":"https:\/\/rnoticias.com.mx\/Portal\/wp-json\/wp\/v2\/posts\/228271\/revisions\/228273"}],"wp:featuredmedia":[{"embeddable":true,"href":"https:\/\/rnoticias.com.mx\/Portal\/wp-json\/wp\/v2\/media\/228272"}],"wp:attachment":[{"href":"https:\/\/rnoticias.com.mx\/Portal\/wp-json\/wp\/v2\/media?parent=228271"}],"wp:term":[{"taxonomy":"category","embeddable":true,"href":"https:\/\/rnoticias.com.mx\/Portal\/wp-json\/wp\/v2\/categories?post=228271"},{"taxonomy":"post_tag","embeddable":true,"href":"https:\/\/rnoticias.com.mx\/Portal\/wp-json\/wp\/v2\/tags?post=228271"}],"curies":[{"name":"wp","href":"https:\/\/api.w.org\/{rel}","templated":true}]}}