{"id":228233,"date":"2025-08-30T12:41:28","date_gmt":"2025-08-30T19:41:28","guid":{"rendered":"https:\/\/rnoticias.com.mx\/Portal\/?p=228233"},"modified":"2025-08-30T12:41:28","modified_gmt":"2025-08-30T19:41:28","slug":"celebran-patty-ruibal-y-tono-astiazaran-con-mas-de-tres-mil-adultos-mayores-con-gran-concierto-de-los-apson","status":"publish","type":"post","link":"https:\/\/rnoticias.com.mx\/Portal\/2025\/08\/30\/celebran-patty-ruibal-y-tono-astiazaran-con-mas-de-tres-mil-adultos-mayores-con-gran-concierto-de-los-apson\/","title":{"rendered":"Celebran Patty Ruibal y To\u00f1o Astiazar\u00e1n con m\u00e1s de tres mil adultos mayores con gran concierto de Los Apson"},"content":{"rendered":"<p>Hermosillo, Sonora; 30 de agosto de 2025.- Con sonrisas, aplausos y mucho &#8220;Rock and roll&#8221; del legendario grupo Los Apson, m\u00e1s de tres mil de asistentes celebraron a lo grande el D\u00eda de las y los Adultos Mayores, evento que realiz\u00f3 con \u00e9xito el Gobierno Municipal a trav\u00e9s de DIF Hermosillo.<\/p>\n<p>El presidente municipal, Antonio Astiazar\u00e1n Guti\u00e9rrez, acompa\u00f1ado de su esposa Patricia Ruibal Zaragoza, presidenta de DIF Hermosillo, convivi\u00f3 con las y los asistentes, a quienes anunci\u00f3 la s\u00e9ptima Casa de los Abuelos en la colonia Solidaridad y un programa de paneles solares para adultos mayores, con el fin de reducir el costo de la electricidad en sus hogares.<\/p>\n<p>\u201cEstamos muy contentos de ver tantos rostros de amigas y amigos que han dado tanto por la ciudad, por eso organizamos este festejo, que es el cierre de una serie de eventos de este mes para reconocer a las abuelitas y los abuelitos; tenemos muchos programas en el gobierno municipal en el DIF dedicadas para los adultos mayores\u201d, expres\u00f3 Astiazar\u00e1n Guti\u00e9rrez.<\/p>\n<p>Al darle la bienvenida a las y los integrantes de las Casas de los Abuelos y a todos los asistentes, enfatiz\u00f3 que el festejo fue para agradecerles todo lo que han dado a Hermosillo, pero tambi\u00e9n para decirles que no est\u00e1n solos y que desde el Gobierno Municipal seguir\u00e1n trabajando por ellos.<\/p>\n<p>To\u00f1o Astiazar\u00e1n destac\u00f3 que en Hermosillo cada d\u00eda se trabaja para que las y los adultos mayores tengan m\u00e1s oportunidades y espacios de convivencia.<\/p>\n<p>Precis\u00f3 que desde 2021, m\u00e1s de 55 mil adultos mayores han sido beneficiados con programas del Ayuntamiento y el DIF Municipal.<\/p>\n<p>La noche del jueves regal\u00f3 el clima ideal para que familias acompa\u00f1aran a las y los adultos mayores quienes corearon y bailaron \u00e9xitos como &#8220;Fue en un caf\u00e9&#8221;, &#8220;Cuando yo era un jovencito&#8221;, &#8220;Anoche me enamor\u00e9&#8221;, &#8220;El \u00faltimo beso&#8221;, entre otras.<\/p>\n<p>En la celebraci\u00f3n tambi\u00e9n participaron las y los funcionarios municipales.<\/p>\n","protected":false},"excerpt":{"rendered":"<p>Hermosillo, Sonora; 30 de agosto de 2025.- Con sonrisas, aplausos y mucho &#8220;Rock and roll&#8221; del legendario grupo Los Apson, m\u00e1s de tres mil de asistentes celebraron a lo grande el D\u00eda de las y los Adultos Mayores, evento que realiz\u00f3 con \u00e9xito el Gobierno Municipal a trav\u00e9s de DIF Hermosillo. El presidente municipal, Antonio [&hellip;]<\/p>\n","protected":false},"author":2,"featured_media":228234,"comment_status":"closed","ping_status":"closed","sticky":false,"template":"","format":"standard","meta":{"footnotes":""},"categories":[12870,178],"tags":[12865,12869],"class_list":["post-228233","post","type-post","status-publish","format-standard","has-post-thumbnail","hentry","category-destacadas","category-local","tag-destacadas","tag-local"],"jetpack_featured_media_url":"https:\/\/rnoticias.com.mx\/Portal\/wp-content\/uploads\/2025\/08\/5720b41b-10f2-4ba0-afeb-5088db5ef3f2-scaled.jpg","amp_enabled":true,"_links":{"self":[{"href":"https:\/\/rnoticias.com.mx\/Portal\/wp-json\/wp\/v2\/posts\/228233","targetHints":{"allow":["GET"]}}],"collection":[{"href":"https:\/\/rnoticias.com.mx\/Portal\/wp-json\/wp\/v2\/posts"}],"about":[{"href":"https:\/\/rnoticias.com.mx\/Portal\/wp-json\/wp\/v2\/types\/post"}],"author":[{"embeddable":true,"href":"https:\/\/rnoticias.com.mx\/Portal\/wp-json\/wp\/v2\/users\/2"}],"replies":[{"embeddable":true,"href":"https:\/\/rnoticias.com.mx\/Portal\/wp-json\/wp\/v2\/comments?post=228233"}],"version-history":[{"count":1,"href":"https:\/\/rnoticias.com.mx\/Portal\/wp-json\/wp\/v2\/posts\/228233\/revisions"}],"predecessor-version":[{"id":228235,"href":"https:\/\/rnoticias.com.mx\/Portal\/wp-json\/wp\/v2\/posts\/228233\/revisions\/228235"}],"wp:featuredmedia":[{"embeddable":true,"href":"https:\/\/rnoticias.com.mx\/Portal\/wp-json\/wp\/v2\/media\/228234"}],"wp:attachment":[{"href":"https:\/\/rnoticias.com.mx\/Portal\/wp-json\/wp\/v2\/media?parent=228233"}],"wp:term":[{"taxonomy":"category","embeddable":true,"href":"https:\/\/rnoticias.com.mx\/Portal\/wp-json\/wp\/v2\/categories?post=228233"},{"taxonomy":"post_tag","embeddable":true,"href":"https:\/\/rnoticias.com.mx\/Portal\/wp-json\/wp\/v2\/tags?post=228233"}],"curies":[{"name":"wp","href":"https:\/\/api.w.org\/{rel}","templated":true}]}}