{"id":228227,"date":"2025-08-30T11:49:06","date_gmt":"2025-08-30T18:49:06","guid":{"rendered":"https:\/\/rnoticias.com.mx\/Portal\/?p=228227"},"modified":"2025-08-30T11:49:06","modified_gmt":"2025-08-30T18:49:06","slug":"fgr-apela-libertad-provisional-de-julio-cesar-chavez-jr-considera-medida-como-ilegal","status":"publish","type":"post","link":"https:\/\/rnoticias.com.mx\/Portal\/2025\/08\/30\/fgr-apela-libertad-provisional-de-julio-cesar-chavez-jr-considera-medida-como-ilegal\/","title":{"rendered":"FGR apela libertad provisional de Julio C\u00e9sar Ch\u00e1vez Jr; considera medida como &#8216;ilegal&#8217;"},"content":{"rendered":"<p>La<strong>\u00a0Fiscal\u00eda General de la Rep\u00fablica dio un rev\u00e9s en el caso del boxeador Julio C\u00e9sar Ch\u00e1vez Jr.,<\/strong>\u00a0ya que apel\u00f3 la libertad condicional que le fue concedida al pugilista, al considerar que la medida es ilegal.<\/p>\n<p>El hijo de Julio C\u00e9sar Ch\u00e1vez se encontraba recluido en el Centro Federal de Readaptaci\u00f3n Social (CEFRESO)\u00a0<strong>n\u00famero 11 en Hermosillo, Sonora, ya que se le hab\u00eda dictado prisi\u00f3n preventiva.<\/strong><\/p>\n<p>Despu\u00e9s de que<strong>\u00a0Ch\u00e1vez Jr. fue vinculado a proceso por el delito de crimen organizado y tr\u00e1fico de armas<\/strong>, el Juez de Control a cargo del caso le otorg\u00f3 el beneficio de libertad condicional.<\/p>\n<p>Se especific\u00f3 que la Fiscal\u00eda General de la Rep\u00fablica present\u00f3 la apelaci\u00f3n a trav\u00e9s de la\u00a0<strong>Fiscal\u00eda Especializada en Materia de Delincuencia Organizada, a una semana de la primera audiencia de Julio C\u00e9sar Ch\u00e1vez Jr.<\/strong><\/p>\n<p>La FGR explic\u00f3 que dejar en libertad al boxeador va en contra del\u00a0<strong>art\u00edculo 19 de la Constituci\u00f3n Pol\u00edtica de los Estados Unidos Mexicanos, en el que se prev\u00e9 prisi\u00f3n preventiva oficiosa para los delitos de crimen organizado.<\/strong><\/p>\n<p>Cabe destacar que desde 2019, Julio C\u00e9sar Ch\u00e1vez Jr. es investigado en M\u00e9xico por sus presuntos v\u00ednculos con el Cartel de Sinaloa. Espec\u00edficamente por su supuesta colaboraci\u00f3n en un grupo criminal encabezado por Ovidio \u2018El Rat\u00f3n\u2019 Guzm\u00e1n y N\u00e9stor Isidro P\u00e9rez Salas \u2018El Nini\u2019 como ajustador de cuentas.<\/p>\n<p>En la audiencia, la FGR present\u00f3 21 pruebas para lograr la vinculaci\u00f3n a proceso, entre ellas escuchas telef\u00f3nicas donde se relaciona al boxeador con\u00a0<strong>\u2018El Nini\u2019, testimonios de informantes que lo ubican como aliado del grupo liderado por Ovidio Guzm\u00e1n y un informe de la DEA que lo se\u00f1ala como sujeto de investigaci\u00f3n internacional.<\/strong><\/p>\n<p>El recurso que present\u00f3 la FGR se llevar\u00e1 al Tribunal Colegiado de Apelaci\u00f3n, quien es la entidad encargada de determinar si el boxeador puede continuar en libertad condicional o se revierte.<\/p>\n<p>La nueva audiencia ser\u00e1 hasta el 24 de noviembre y el veredicto sobre el caso puede demorar hasta 3 meses,<strong>\u00a0la misma cantidad de tiempo que el Juez de Control a cargo del caso dio para que se lleve a cabo la investigaci\u00f3n complementaria.<\/strong><\/p>\n<p>Fuente: El Financiero<\/p>\n","protected":false},"excerpt":{"rendered":"<p>La\u00a0Fiscal\u00eda General de la Rep\u00fablica dio un rev\u00e9s en el caso del boxeador Julio C\u00e9sar Ch\u00e1vez Jr.,\u00a0ya que apel\u00f3 la libertad condicional que le fue concedida al pugilista, al considerar que la medida es ilegal. El hijo de Julio C\u00e9sar Ch\u00e1vez se encontraba recluido en el Centro Federal de Readaptaci\u00f3n Social (CEFRESO)\u00a0n\u00famero 11 en Hermosillo, [&hellip;]<\/p>\n","protected":false},"author":2,"featured_media":228228,"comment_status":"closed","ping_status":"closed","sticky":false,"template":"","format":"standard","meta":{"footnotes":""},"categories":[12870,172],"tags":[12865,12874],"class_list":["post-228227","post","type-post","status-publish","format-standard","has-post-thumbnail","hentry","category-destacadas","category-nacional","tag-destacadas","tag-nacional"],"jetpack_featured_media_url":"https:\/\/rnoticias.com.mx\/Portal\/wp-content\/uploads\/2025\/08\/julio-cesar-chavez-jr-vinculado-proceso-delincuencia-organizada-trafico-armas-872x547-1.jpeg","amp_enabled":true,"_links":{"self":[{"href":"https:\/\/rnoticias.com.mx\/Portal\/wp-json\/wp\/v2\/posts\/228227","targetHints":{"allow":["GET"]}}],"collection":[{"href":"https:\/\/rnoticias.com.mx\/Portal\/wp-json\/wp\/v2\/posts"}],"about":[{"href":"https:\/\/rnoticias.com.mx\/Portal\/wp-json\/wp\/v2\/types\/post"}],"author":[{"embeddable":true,"href":"https:\/\/rnoticias.com.mx\/Portal\/wp-json\/wp\/v2\/users\/2"}],"replies":[{"embeddable":true,"href":"https:\/\/rnoticias.com.mx\/Portal\/wp-json\/wp\/v2\/comments?post=228227"}],"version-history":[{"count":1,"href":"https:\/\/rnoticias.com.mx\/Portal\/wp-json\/wp\/v2\/posts\/228227\/revisions"}],"predecessor-version":[{"id":228229,"href":"https:\/\/rnoticias.com.mx\/Portal\/wp-json\/wp\/v2\/posts\/228227\/revisions\/228229"}],"wp:featuredmedia":[{"embeddable":true,"href":"https:\/\/rnoticias.com.mx\/Portal\/wp-json\/wp\/v2\/media\/228228"}],"wp:attachment":[{"href":"https:\/\/rnoticias.com.mx\/Portal\/wp-json\/wp\/v2\/media?parent=228227"}],"wp:term":[{"taxonomy":"category","embeddable":true,"href":"https:\/\/rnoticias.com.mx\/Portal\/wp-json\/wp\/v2\/categories?post=228227"},{"taxonomy":"post_tag","embeddable":true,"href":"https:\/\/rnoticias.com.mx\/Portal\/wp-json\/wp\/v2\/tags?post=228227"}],"curies":[{"name":"wp","href":"https:\/\/api.w.org\/{rel}","templated":true}]}}