{"id":228224,"date":"2025-08-30T11:47:59","date_gmt":"2025-08-30T18:47:59","guid":{"rendered":"https:\/\/rnoticias.com.mx\/Portal\/?p=228224"},"modified":"2025-08-30T11:47:59","modified_gmt":"2025-08-30T18:47:59","slug":"poncho-de-nigris-reta-a-adrian-marcelo-en-un-aeropuerto","status":"publish","type":"post","link":"https:\/\/rnoticias.com.mx\/Portal\/2025\/08\/30\/poncho-de-nigris-reta-a-adrian-marcelo-en-un-aeropuerto\/","title":{"rendered":"Poncho de Nigris reta a Adri\u00e1n Marcelo en un aeropuerto"},"content":{"rendered":"<p>El conflicto entre\u00a0<strong>Poncho de Nigris y Adri\u00e1n Marcelo<\/strong>\u00a0volvi\u00f3 a generar inter\u00e9s en redes sociales tras la difusi\u00f3n de un video en el que ambos se enfrentan verbalmente en el Aeropuerto Internacional de la Ciudad de M\u00e9xico.<\/p>\n<p>El video de Poncho avanza decidido hacia el sitio donde se encuentra Adri\u00e1n Marcelo, exigiendo que bajara para hablar cara a cara sobre los desacuerdos que tienen:\u00a0<strong>\u201cB\u00e1jate, aqu\u00ed, quer\u00edas platicar, b\u00e1jate, g\u00fcey, para que me digas lo que quer\u00edas decir. \u00bfQu\u00e9 me quer\u00edas decir? B\u00e1jate aqu\u00ed. Che cul&#8230;&#8221;<\/strong><\/p>\n<p>Por su parte, el integrante de la segunda temporada de La Casa de los Famosos M\u00e9xico, situado en un piso superior,\u00a0<strong>contesta con molestia a las provocaciones de De Nigris, mientras que Iv\u00e1n Fematt \u201cLa Mole\u201d, amigo y compa\u00f1ero del regiomontano, intenta tranquilizarlo.<\/strong><\/p>\n<p>Seg\u00fan medios el motivo\u00a0 de la presencia de Adri\u00e1n Marcelo y La Mole en la Ciudad de M\u00e9xico era la preparaci\u00f3n del espect\u00e1culo \u201cHermanos de Leche\u201d. Por su parte, Poncho de Nigris acudi\u00f3 a la capital mexicana para encontrarse con su amiga Wendy Guevara.<\/p>\n<p>&nbsp;<\/p>\n<p>Fuente: Infobae<\/p>\n","protected":false},"excerpt":{"rendered":"<p>El conflicto entre\u00a0Poncho de Nigris y Adri\u00e1n Marcelo\u00a0volvi\u00f3 a generar inter\u00e9s en redes sociales tras la difusi\u00f3n de un video en el que ambos se enfrentan verbalmente en el Aeropuerto Internacional de la Ciudad de M\u00e9xico. El video de Poncho avanza decidido hacia el sitio donde se encuentra Adri\u00e1n Marcelo, exigiendo que bajara para hablar [&hellip;]<\/p>\n","protected":false},"author":2,"featured_media":228225,"comment_status":"closed","ping_status":"closed","sticky":false,"template":"","format":"standard","meta":{"footnotes":""},"categories":[12870,219],"tags":[12865,12875],"class_list":["post-228224","post","type-post","status-publish","format-standard","has-post-thumbnail","hentry","category-destacadas","category-espectaculos","tag-destacadas","tag-espectaculos"],"jetpack_featured_media_url":"https:\/\/rnoticias.com.mx\/Portal\/wp-content\/uploads\/2025\/08\/descarga-6.png","amp_enabled":true,"_links":{"self":[{"href":"https:\/\/rnoticias.com.mx\/Portal\/wp-json\/wp\/v2\/posts\/228224","targetHints":{"allow":["GET"]}}],"collection":[{"href":"https:\/\/rnoticias.com.mx\/Portal\/wp-json\/wp\/v2\/posts"}],"about":[{"href":"https:\/\/rnoticias.com.mx\/Portal\/wp-json\/wp\/v2\/types\/post"}],"author":[{"embeddable":true,"href":"https:\/\/rnoticias.com.mx\/Portal\/wp-json\/wp\/v2\/users\/2"}],"replies":[{"embeddable":true,"href":"https:\/\/rnoticias.com.mx\/Portal\/wp-json\/wp\/v2\/comments?post=228224"}],"version-history":[{"count":1,"href":"https:\/\/rnoticias.com.mx\/Portal\/wp-json\/wp\/v2\/posts\/228224\/revisions"}],"predecessor-version":[{"id":228226,"href":"https:\/\/rnoticias.com.mx\/Portal\/wp-json\/wp\/v2\/posts\/228224\/revisions\/228226"}],"wp:featuredmedia":[{"embeddable":true,"href":"https:\/\/rnoticias.com.mx\/Portal\/wp-json\/wp\/v2\/media\/228225"}],"wp:attachment":[{"href":"https:\/\/rnoticias.com.mx\/Portal\/wp-json\/wp\/v2\/media?parent=228224"}],"wp:term":[{"taxonomy":"category","embeddable":true,"href":"https:\/\/rnoticias.com.mx\/Portal\/wp-json\/wp\/v2\/categories?post=228224"},{"taxonomy":"post_tag","embeddable":true,"href":"https:\/\/rnoticias.com.mx\/Portal\/wp-json\/wp\/v2\/tags?post=228224"}],"curies":[{"name":"wp","href":"https:\/\/api.w.org\/{rel}","templated":true}]}}