{"id":228221,"date":"2025-08-30T11:26:19","date_gmt":"2025-08-30T18:26:19","guid":{"rendered":"https:\/\/rnoticias.com.mx\/Portal\/?p=228221"},"modified":"2025-08-30T11:26:19","modified_gmt":"2025-08-30T18:26:19","slug":"america-contra-pachuca-sera-a-puerta-cerrada-por-orden-de-la-alcaldia-benito-juarez","status":"publish","type":"post","link":"https:\/\/rnoticias.com.mx\/Portal\/2025\/08\/30\/america-contra-pachuca-sera-a-puerta-cerrada-por-orden-de-la-alcaldia-benito-juarez\/","title":{"rendered":"Am\u00e9rica contra Pachuca ser\u00e1 a puerta cerrada por orden de la alcald\u00eda Benito Ju\u00e1rez"},"content":{"rendered":"<p>De acuerdo a un comunicado, la<strong>\u00a0alcald\u00eda Benito Ju\u00e1rez\u00a0<\/strong>inform\u00f3 que el partido entre las\u00a0<strong>\u00c1guilas del Am\u00e9rica y los Tuzos del Pachuca<\/strong>, correspondiente a la jornada 7 del torneo Apertura 2025, se jugar\u00e1 a puerta cerrada en el Estadio Ciudad de los Deportes.<\/p>\n<p>Esta medida fue tomada como respuesta a un incidente ocurrido durante los preparativos del encuentro,\u00a0<strong>cuando personal de seguridad del Club Am\u00e9rica extralimit\u00f3 sus funciones al cerrar la calle de Indiana, ubicada en la colonia Ciudad de los Deportes.<\/strong><\/p>\n<p>Lo que esta acci\u00f3n afect\u00f3 directamente a los residentes de la zona, en especial a una vecina que fue impedida de acceder a su domicilio mientras requer\u00eda atenci\u00f3n m\u00e9dica urgente.<\/p>\n<p>Ante la situaci\u00f3n, elementos de la polic\u00eda capitalina intervinieron para liberar la vialidad, en cumplimiento del<strong>\u00a0\u201cOperativo Ladrillera\u201d, protocolo que regula los cierres y aforos en eventos masivos dentro de la demarcaci\u00f3n.<\/strong><\/p>\n<p>Por lo que la alcald\u00eda se\u00f1al\u00f3 que este<strong>\u00a0tipo de acciones no autorizadas vulneran el orden p\u00fablico y la seguridad de los vecinos, por lo que se determin\u00f3 restringir el acceso al estadio para el partido programado este s\u00e1bado 30 de agosto a las 21:00 horas.<\/strong><\/p>\n<p>En el comunicado, el alcalde Luis Mendoza, indica que &#8216;m<strong>ientras el Club Am\u00e9rica no demuestre que su personal o la empresa encargada de brindar los servicios de seguridad est\u00e1n debidamente capacitados y acreditados, no se permitir\u00e1 que los partidos en el inmueble se lleven a cabo con p\u00fablico&#8217;<\/strong>.<\/p>\n<p>Esta decisi\u00f3n representa un golpe para la\u00a0<strong>afici\u00f3n azulcrema<\/strong>, que esperaba un lleno en el inmueble tras la campa\u00f1a de boletos y el\u00a0<strong>debut de Allan Saint-Maximin como local<\/strong>.<\/p>\n<p><strong>Adem\u00e1s, implica una\u00a0afectaci\u00f3n econ\u00f3mica para el club, que perder\u00e1 ingresos por taquilla y consumo en el estadio.<\/strong><\/p>\n<p>&nbsp;<\/p>\n<p>Fuente: Infobae<\/p>\n","protected":false},"excerpt":{"rendered":"<p>De acuerdo a un comunicado, la\u00a0alcald\u00eda Benito Ju\u00e1rez\u00a0inform\u00f3 que el partido entre las\u00a0\u00c1guilas del Am\u00e9rica y los Tuzos del Pachuca, correspondiente a la jornada 7 del torneo Apertura 2025, se jugar\u00e1 a puerta cerrada en el Estadio Ciudad de los Deportes. Esta medida fue tomada como respuesta a un incidente ocurrido durante los preparativos del [&hellip;]<\/p>\n","protected":false},"author":2,"featured_media":228222,"comment_status":"closed","ping_status":"closed","sticky":false,"template":"","format":"standard","meta":{"footnotes":""},"categories":[188,12870],"tags":[5231,12865],"class_list":["post-228221","post","type-post","status-publish","format-standard","has-post-thumbnail","hentry","category-deportes","category-destacadas","tag-deportes","tag-destacadas"],"jetpack_featured_media_url":"https:\/\/rnoticias.com.mx\/Portal\/wp-content\/uploads\/2025\/08\/GzjRzJ8WAAA3ih8.jpg","amp_enabled":true,"_links":{"self":[{"href":"https:\/\/rnoticias.com.mx\/Portal\/wp-json\/wp\/v2\/posts\/228221","targetHints":{"allow":["GET"]}}],"collection":[{"href":"https:\/\/rnoticias.com.mx\/Portal\/wp-json\/wp\/v2\/posts"}],"about":[{"href":"https:\/\/rnoticias.com.mx\/Portal\/wp-json\/wp\/v2\/types\/post"}],"author":[{"embeddable":true,"href":"https:\/\/rnoticias.com.mx\/Portal\/wp-json\/wp\/v2\/users\/2"}],"replies":[{"embeddable":true,"href":"https:\/\/rnoticias.com.mx\/Portal\/wp-json\/wp\/v2\/comments?post=228221"}],"version-history":[{"count":1,"href":"https:\/\/rnoticias.com.mx\/Portal\/wp-json\/wp\/v2\/posts\/228221\/revisions"}],"predecessor-version":[{"id":228223,"href":"https:\/\/rnoticias.com.mx\/Portal\/wp-json\/wp\/v2\/posts\/228221\/revisions\/228223"}],"wp:featuredmedia":[{"embeddable":true,"href":"https:\/\/rnoticias.com.mx\/Portal\/wp-json\/wp\/v2\/media\/228222"}],"wp:attachment":[{"href":"https:\/\/rnoticias.com.mx\/Portal\/wp-json\/wp\/v2\/media?parent=228221"}],"wp:term":[{"taxonomy":"category","embeddable":true,"href":"https:\/\/rnoticias.com.mx\/Portal\/wp-json\/wp\/v2\/categories?post=228221"},{"taxonomy":"post_tag","embeddable":true,"href":"https:\/\/rnoticias.com.mx\/Portal\/wp-json\/wp\/v2\/tags?post=228221"}],"curies":[{"name":"wp","href":"https:\/\/api.w.org\/{rel}","templated":true}]}}