{"id":228218,"date":"2025-08-30T11:24:34","date_gmt":"2025-08-30T18:24:34","guid":{"rendered":"https:\/\/rnoticias.com.mx\/Portal\/?p=228218"},"modified":"2025-08-30T11:24:34","modified_gmt":"2025-08-30T18:24:34","slug":"desarticulan-grupo-delictivo-que-robo-mas-de-un-kilometro-de-cableado-subterraneo-en-hermosillo","status":"publish","type":"post","link":"https:\/\/rnoticias.com.mx\/Portal\/2025\/08\/30\/desarticulan-grupo-delictivo-que-robo-mas-de-un-kilometro-de-cableado-subterraneo-en-hermosillo\/","title":{"rendered":"Desarticulan grupo delictivo que rob\u00f3 m\u00e1s de un kil\u00f3metro de cableado subterr\u00e1neo en Hermosillo"},"content":{"rendered":"<p class=\"ei-articleBody__StyledText-sc-1wmd47a-1 gXgyFY body-paragraph ei-article-body-text\">Se desarticul\u00f3 un grupo delictivo dedicado al robo del cableado subterr\u00e1neo y aprehendieron a multiasaltantes que operaban en\u00a0<a title=\"https:\/\/www.elimparcial.com\/tags\/hermosillo\/\" href=\"https:\/\/www.elimparcial.com\/tags\/hermosillo\/\" target=\"_blank\" rel=\"noopener noreferrer\"><b>Hermosillo<\/b><\/a>, inform\u00f3\u00a0<b>Jes\u00fas Alonso Dur\u00f3n Monta\u00f1o<\/b>.<\/p>\n<p class=\"ei-articleBody__StyledText-sc-1wmd47a-1 gXgyFY body-paragraph ei-article-body-text\">El comisario de Seguridad P\u00fablica de Hermosillo coment\u00f3 que hace poco m\u00e1s de un mes fue cuando<u>\u00a0lograron capturar a los 8 integrantes de la banda<\/u> que se dedicaba a este delito de hurto de cableado telef\u00f3nico.<\/p>\n<p class=\"ei-articleBody__StyledText-sc-1wmd47a-1 gXgyFY body-paragraph ei-article-body-text\">\u201cAlgunos grupos que se dedicaban al robo, los m\u00e1s mencionados, hubo robos muy grandes de cableados subterr\u00e1neo, fue un grupo que desde el a\u00f1o pasado ellos ya estaban actuando en la ciudad\u201d, dijo.<\/p>\n<p class=\"ei-articleBody__StyledText-sc-1wmd47a-1 gXgyFY body-paragraph ei-article-body-text\">El modo en que operaba este grupo, explic\u00f3, es que se trasladaban en veh\u00edculo al punto donde realizaban el corte de cableado telef\u00f3nico, con la unidad desprend\u00edan el cable y cortaban con seguetas.<\/p>\n<p class=\"ei-articleBody__StyledText-sc-1wmd47a-1 gXgyFY body-paragraph ei-article-body-text\">\u201cTengo entendido con lo que aportaron ah\u00ed los de la empresa, que en una ocasi\u00f3n robaron m\u00e1s de un kil\u00f3metro de cable de telefon\u00eda. Aparte de los da\u00f1os que causaban en fibra \u00f3ptica, como lo mencion\u00e9 era un grupo que ten\u00eda ya cerca de un a\u00f1o cometiendo robos\u201d, declar\u00f3.<\/p>\n<h2 class=\"ei-articleBodyHeading__StyledHeading-sc-11axkf8-0 ksJtGZ ei-heading\"><b>Tambi\u00e9n desarticularon a otro grupo que se dedicaba al robo de postes de madera<\/b><\/h2>\n<p class=\"ei-articleBody__StyledText-sc-1wmd47a-1 gXgyFY body-paragraph ei-article-body-text\">La detenci\u00f3n en flagrancia de este grupo delictivo la realiz\u00f3 la Polic\u00eda Municipal al Norte de la ciudad, luego de que atendieron un reporte. A\u00f1adi\u00f3 que tambi\u00e9n desarticularon a otro grupo que se dedicaba al robo de postes de madera.<\/p>\n<p class=\"ei-articleBody__StyledText-sc-1wmd47a-1 gXgyFY body-paragraph ei-article-body-text\">Entre otras capturas que ha hecho la Jefatura de Polic\u00eda Preventiva y Tr\u00e1nsito Municipal\u00a0<u>est\u00e1 el aseguramiento de multiasaltantes a Oxxos y los detenidos por asaltar alrededor del Cerro de La Campana<\/u>.<\/p>\n<p class=\"ei-articleBody__StyledText-sc-1wmd47a-1 gXgyFY body-paragraph ei-article-body-text\">\u201cSe asegur\u00f3 apenas la semana pasada una persona que presuntamente hab\u00eda participado m\u00ednimo en 7 asaltos alrededor del Cerro de La Campana, aseguraron a una persona con arma larga, tambi\u00e9n se\u00f1alado por cometer asaltos en los alrededores de la colonia La Matanza, alrededor del Cerro de La Campana\u201d, dijo.<\/p>\n<p class=\"ei-articleBody__StyledText-sc-1wmd47a-1 gXgyFY body-paragraph ei-article-body-text\">A\u00f1adi\u00f3 que del 13 de junio al 26 de agosto, han asegurado a 126 personas consideradas de relevancia para mantener la seguridad en la ciudad.<\/p>\n<h2 class=\"ei-articleBodyHeading__StyledHeading-sc-11axkf8-0 ksJtGZ ei-heading\"><b>Resultado del operativo de la Polic\u00eda Municipal del 13 de junio al 26 de agosto del 2025<\/b><\/h2>\n<ul class=\"list__StyledUnorderedList-sc-5rk09c-2 rJagZ list-unordered-list\">\n<li class=\"list__StyledListItem-sc-5rk09c-0 eKgQCy list-items\">2,500 personas aseguradas.<\/li>\n<li class=\"list__StyledListItem-sc-5rk09c-0 eKgQCy list-items\">2,923 dosis de diferentes drogas aseguradas.<\/li>\n<li class=\"list__StyledListItem-sc-5rk09c-0 eKgQCy list-items\">388 personas aseguradas por su relaci\u00f3n con el narcomenudeo.<\/li>\n<li class=\"list__StyledListItem-sc-5rk09c-0 eKgQCy list-items\">24 armas de fuego aseguradas (18 cortas, 4 largas y 2 artesanales).<\/li>\n<li class=\"list__StyledListItem-sc-5rk09c-0 eKgQCy list-items\">27 personas detenidas con armas.<\/li>\n<li class=\"list__StyledListItem-sc-5rk09c-0 eKgQCy list-items\">73 m\u00e1quinas tragamonedas aseguradas.<\/li>\n<li class=\"list__StyledListItem-sc-5rk09c-0 eKgQCy list-items\">6 c\u00e1maras par\u00e1sito aseguradas.<\/li>\n<li class=\"list__StyledListItem-sc-5rk09c-0 eKgQCy list-items\">341 motos aseguradas por diferentes motivos.<\/li>\n<li class=\"list__StyledListItem-sc-5rk09c-0 eKgQCy list-items\">126 personas detenidas y que fueron consideradas relevantes.<\/li>\n<\/ul>\n<p>&nbsp;<\/p>\n<p>Fuente: El Imparcial<\/p>\n","protected":false},"excerpt":{"rendered":"<p>Se desarticul\u00f3 un grupo delictivo dedicado al robo del cableado subterr\u00e1neo y aprehendieron a multiasaltantes que operaban en\u00a0Hermosillo, inform\u00f3\u00a0Jes\u00fas Alonso Dur\u00f3n Monta\u00f1o. El comisario de Seguridad P\u00fablica de Hermosillo coment\u00f3 que hace poco m\u00e1s de un mes fue cuando\u00a0lograron capturar a los 8 integrantes de la banda que se dedicaba a este delito de hurto [&hellip;]<\/p>\n","protected":false},"author":2,"featured_media":228219,"comment_status":"closed","ping_status":"closed","sticky":false,"template":"","format":"standard","meta":{"footnotes":""},"categories":[12870,178],"tags":[12865,12869],"class_list":["post-228218","post","type-post","status-publish","format-standard","has-post-thumbnail","hentry","category-destacadas","category-local","tag-destacadas","tag-local"],"jetpack_featured_media_url":"https:\/\/rnoticias.com.mx\/Portal\/wp-content\/uploads\/2025\/08\/c4ca4238a0b923820dcc509a6f75849b-48.jpg","amp_enabled":true,"_links":{"self":[{"href":"https:\/\/rnoticias.com.mx\/Portal\/wp-json\/wp\/v2\/posts\/228218","targetHints":{"allow":["GET"]}}],"collection":[{"href":"https:\/\/rnoticias.com.mx\/Portal\/wp-json\/wp\/v2\/posts"}],"about":[{"href":"https:\/\/rnoticias.com.mx\/Portal\/wp-json\/wp\/v2\/types\/post"}],"author":[{"embeddable":true,"href":"https:\/\/rnoticias.com.mx\/Portal\/wp-json\/wp\/v2\/users\/2"}],"replies":[{"embeddable":true,"href":"https:\/\/rnoticias.com.mx\/Portal\/wp-json\/wp\/v2\/comments?post=228218"}],"version-history":[{"count":1,"href":"https:\/\/rnoticias.com.mx\/Portal\/wp-json\/wp\/v2\/posts\/228218\/revisions"}],"predecessor-version":[{"id":228220,"href":"https:\/\/rnoticias.com.mx\/Portal\/wp-json\/wp\/v2\/posts\/228218\/revisions\/228220"}],"wp:featuredmedia":[{"embeddable":true,"href":"https:\/\/rnoticias.com.mx\/Portal\/wp-json\/wp\/v2\/media\/228219"}],"wp:attachment":[{"href":"https:\/\/rnoticias.com.mx\/Portal\/wp-json\/wp\/v2\/media?parent=228218"}],"wp:term":[{"taxonomy":"category","embeddable":true,"href":"https:\/\/rnoticias.com.mx\/Portal\/wp-json\/wp\/v2\/categories?post=228218"},{"taxonomy":"post_tag","embeddable":true,"href":"https:\/\/rnoticias.com.mx\/Portal\/wp-json\/wp\/v2\/tags?post=228218"}],"curies":[{"name":"wp","href":"https:\/\/api.w.org\/{rel}","templated":true}]}}