{"id":228214,"date":"2025-08-29T21:27:21","date_gmt":"2025-08-30T04:27:21","guid":{"rendered":"https:\/\/rnoticias.com.mx\/Portal\/?p=228214"},"modified":"2025-08-29T21:27:21","modified_gmt":"2025-08-30T04:27:21","slug":"ee-uu-planea-repatriar-a-cientos-de-ninos-guatemaltecos-bajo-su-custodia-segun-cnn","status":"publish","type":"post","link":"https:\/\/rnoticias.com.mx\/Portal\/2025\/08\/29\/ee-uu-planea-repatriar-a-cientos-de-ninos-guatemaltecos-bajo-su-custodia-segun-cnn\/","title":{"rendered":"EE.UU. planea repatriar a cientos de ni\u00f1os guatemaltecos bajo su custodia, seg\u00fan CNN"},"content":{"rendered":"<p>El Gobierno de\u00a0<strong>Estados Unidos<\/strong>\u00a0est\u00e1 preparando la repatriaci\u00f3n de cientos de\u00a0<strong>ni\u00f1os guatemaltecos<\/strong>\u00a0que llegaron solos a ese pa\u00eds y que se encuentran\u00a0<strong>bajo custodia<\/strong>\u00a0de las autoridades estadounidenses, informaron este viernes fuentes cercanas al proceso al medio local CNN.<\/p>\n<p>Seg\u00fan estas fuentes, la administraci\u00f3n del presidente\u00a0<strong>Donald Trump<\/strong>\u00a0ha identificado a m\u00e1s de 600 ni\u00f1os de Guatemala bajo custodia del\u00a0<strong>Departamento de Salud y Servicios Humanos<\/strong>\u00a0(HHS, en ingl\u00e9s) que podr\u00edan ser enviados de nuevo a su pa\u00eds de origen pr\u00f3ximamente.<\/p>\n<p>Se desconoce, sin embargo, el proceso que planea usar el gobierno estadounidense para expulsar a los ni\u00f1os, quienes no tienen padres en Estados Unidos, aunque podr\u00edan poseer un familiar que los reclame.<\/p>\n<p>Seg\u00fan datos de la\u00a0<strong>Oficina de la Administraci\u00f3n para Ni\u00f1os y Familias<\/strong>, dependiente del HHS, Estados Unidos ten\u00eda bajo custodia a 2.198 menores no acompa\u00f1ados en julio, pero no desvela sus nacionalidades. La mayor\u00eda de menores que cruzan la frontera terrestre entre Estados Unidos y M\u00e9xico solos proceden de Guatemala, Honduras y El Salvador, seg\u00fan la ONG &#8216;Save The Children&#8217;.<\/p>\n","protected":false},"excerpt":{"rendered":"<p>El Gobierno de\u00a0Estados Unidos\u00a0est\u00e1 preparando la repatriaci\u00f3n de cientos de\u00a0ni\u00f1os guatemaltecos\u00a0que llegaron solos a ese pa\u00eds y que se encuentran\u00a0bajo custodia\u00a0de las autoridades estadounidenses, informaron este viernes fuentes cercanas al proceso al medio local CNN. Seg\u00fan estas fuentes, la administraci\u00f3n del presidente\u00a0Donald Trump\u00a0ha identificado a m\u00e1s de 600 ni\u00f1os de Guatemala bajo custodia del\u00a0Departamento de [&hellip;]<\/p>\n","protected":false},"author":2,"featured_media":228215,"comment_status":"closed","ping_status":"closed","sticky":false,"template":"","format":"standard","meta":{"footnotes":""},"categories":[12870,182],"tags":[12865,12871],"class_list":["post-228214","post","type-post","status-publish","format-standard","has-post-thumbnail","hentry","category-destacadas","category-internacional","tag-destacadas","tag-internacional"],"jetpack_featured_media_url":"https:\/\/rnoticias.com.mx\/Portal\/wp-content\/uploads\/2025\/08\/rss-efe17a7b5b3910515769a63ec9ce6a7a31679ca0380w.webp","amp_enabled":true,"_links":{"self":[{"href":"https:\/\/rnoticias.com.mx\/Portal\/wp-json\/wp\/v2\/posts\/228214","targetHints":{"allow":["GET"]}}],"collection":[{"href":"https:\/\/rnoticias.com.mx\/Portal\/wp-json\/wp\/v2\/posts"}],"about":[{"href":"https:\/\/rnoticias.com.mx\/Portal\/wp-json\/wp\/v2\/types\/post"}],"author":[{"embeddable":true,"href":"https:\/\/rnoticias.com.mx\/Portal\/wp-json\/wp\/v2\/users\/2"}],"replies":[{"embeddable":true,"href":"https:\/\/rnoticias.com.mx\/Portal\/wp-json\/wp\/v2\/comments?post=228214"}],"version-history":[{"count":1,"href":"https:\/\/rnoticias.com.mx\/Portal\/wp-json\/wp\/v2\/posts\/228214\/revisions"}],"predecessor-version":[{"id":228216,"href":"https:\/\/rnoticias.com.mx\/Portal\/wp-json\/wp\/v2\/posts\/228214\/revisions\/228216"}],"wp:featuredmedia":[{"embeddable":true,"href":"https:\/\/rnoticias.com.mx\/Portal\/wp-json\/wp\/v2\/media\/228215"}],"wp:attachment":[{"href":"https:\/\/rnoticias.com.mx\/Portal\/wp-json\/wp\/v2\/media?parent=228214"}],"wp:term":[{"taxonomy":"category","embeddable":true,"href":"https:\/\/rnoticias.com.mx\/Portal\/wp-json\/wp\/v2\/categories?post=228214"},{"taxonomy":"post_tag","embeddable":true,"href":"https:\/\/rnoticias.com.mx\/Portal\/wp-json\/wp\/v2\/tags?post=228214"}],"curies":[{"name":"wp","href":"https:\/\/api.w.org\/{rel}","templated":true}]}}