{"id":228211,"date":"2025-08-29T21:26:19","date_gmt":"2025-08-30T04:26:19","guid":{"rendered":"https:\/\/rnoticias.com.mx\/Portal\/?p=228211"},"modified":"2025-08-29T21:26:19","modified_gmt":"2025-08-30T04:26:19","slug":"ong-presentan-denuncias-ante-la-onu-por-desaparicion-forzada-de-periodistas-en-mexico","status":"publish","type":"post","link":"https:\/\/rnoticias.com.mx\/Portal\/2025\/08\/29\/ong-presentan-denuncias-ante-la-onu-por-desaparicion-forzada-de-periodistas-en-mexico\/","title":{"rendered":"ONG presentan denuncias ante la ONU por desaparici\u00f3n forzada de periodistas en M\u00e9xico"},"content":{"rendered":"<p>Las organizaciones Reporteros Sin Fronteras (RSF) y Propuesta C\u00edvica (M\u00e9xico) p<strong>resentaron dos denuncias contra el Estado mexicano ante el Comit\u00e9 de Derechos Humanos de la ONU en Ginebra<\/strong>\u00a0en relaci\u00f3n con la desaparici\u00f3n de periodistas.<\/p>\n<p>En un comunicado, las instituciones precisaron que las denuncias solicitan al Comit\u00e9 que admita los casos de Mar\u00eda Esther Aguilar Cansimbe y de Jos\u00e9 Antonio Garc\u00eda Apac, desaparecidos en el estado mexicano de Michoac\u00e1n (oeste) en 2009 y 2006 respectivamente.<\/p>\n<p>En la v\u00edspera del D\u00eda Internacional de las V\u00edctimas de Desapariciones Forzadas, que se conmemora el 30 de agosto, pidieron tambi\u00e9n que el Estado\u00a0<strong>&#8220;reconozca su responsabilidad en la desaparici\u00f3n forzada de ambos periodistas&#8221;\u00a0<\/strong>y que determine las violaciones de sus derechos a la vida, la integridad, la libertad, el reconocimiento legal y la libertad de expresi\u00f3n, as\u00ed como los derechos de sus familias.<\/p>\n<p><strong>\u201cEstos casos demuestran que la desaparici\u00f3n forzada de periodistas sigue siendo una herida abierta en M\u00e9xico. La inacci\u00f3n del Estado y la impunidad rampante han dejado a las familias desoladas, sin verdad ni justicia\u201d<\/strong>, se\u00f1al\u00f3 Antoine Bernard, director de Incidencia y Asistencia de RSF.<\/p>\n<p>En tanto, Sara Mendiola, director ejecutiva de Propuesta C\u00edvica, record\u00f3 que en las \u00faltimas d\u00e9cadas, M\u00e9xico se ha convertido en uno de los pa\u00edses m\u00e1s peligrosos del mundo para los periodistas y se\u00f1al\u00f3 que las desapariciones forzadas de Aguilar Cansimbe y Garc\u00eda Apac con\u00a0<strong>\u201cejemplos de la extrema violencia contra la prensa en M\u00e9xico\u201d.<\/strong><\/p>\n<p>Tambi\u00e9n, dijo, dan testimonio de la grave impunidad que persiste, la ausencia de una pol\u00edtica penal p\u00fablica para \u201cinvestigar diligentemente\u201d las violaciones graves y la falta de voluntad del Estado mexicano para castigar estos delitos y evitar que se repitan.<\/p>\n<p><strong>\u201cEl acceso a la justicia para las v\u00edctimas sigue siendo un camino solitario y tortuoso\u201d<\/strong>, asever\u00f3.<\/p>\n<p>Las organizaciones rememoraron que Aguilar Cansimbe era una periodista que cubr\u00eda temas de derechos humanos y seguridad p\u00fablica para El Diario de Zamora y El Cambio de Michoac\u00e1n, pero desapareci\u00f3 en noviembre de 2009.<\/p>\n<p>Su caso, dijeron, se vio empa\u00f1ado por graves diligencias como que no se hizo una b\u00fasqueda inmediata y se omitieron pruebas clave, adem\u00e1s de retrasos de a\u00f1os de investigaci\u00f3n.<\/p>\n<p>Mientras que Garc\u00eda Apac fue fundador y editor del semanario Eco de la Cuenca del Tepalcatepec, desapareci\u00f3 el 20 de noviembre de 2006, tras ser supuestamente detenido por las fuerzas de seguridad en Buenavista Tomatl\u00e1n, una localidad del estado de Michoac\u00e1n.<\/p>\n<p>Para 2024, apuntaron, un juez federal dictamin\u00f3 que tanto la\u00a0<strong>Fiscal\u00eda Especial para los Delitos contra la Libertad de Expresi\u00f3n (FEADLE) como la Comisi\u00f3n Nacional de B\u00fasqueda hab\u00edan incumplido su deber de diligencia.<\/strong><\/p>\n<p>Las organizaciones se\u00f1alaron que en las \u00faltimas dos d\u00e9cadas, al menos 28 periodistas han desaparecido en M\u00e9xico.<\/p>\n<p><strong>\u201cTodos y cada uno de los casos de periodistas desaparecidos en M\u00e9xico han quedado en total impunidad para los responsables. Las investigaciones se han estancado a pesar de que las familias presentaron denuncias en el momento de las desapariciones\u201d<\/strong>, zanjaron.<\/p>\n<p>M\u00e9xico acumula m\u00e1s de 130.000 personas desaparecidas, seg\u00fan el RNPDNO, que contabiliza las desapariciones desde la d\u00e9cada de 1950.<\/p>\n<p>Desde hace a\u00f1os, M\u00e9xico figura entre los pa\u00edses con m\u00e1s informadores asesinados en el mundo. RSF ha advertido que en los \u00faltimos a\u00f1os la colusi\u00f3n entre autoridades y el crimen organizado se ha convertido en una\u00a0<strong>\u201cgrave amenaza\u201d\u00a0<\/strong>contra los periodistas.<\/p>\n","protected":false},"excerpt":{"rendered":"<p>Las organizaciones Reporteros Sin Fronteras (RSF) y Propuesta C\u00edvica (M\u00e9xico) presentaron dos denuncias contra el Estado mexicano ante el Comit\u00e9 de Derechos Humanos de la ONU en Ginebra\u00a0en relaci\u00f3n con la desaparici\u00f3n de periodistas. En un comunicado, las instituciones precisaron que las denuncias solicitan al Comit\u00e9 que admita los casos de Mar\u00eda Esther Aguilar Cansimbe [&hellip;]<\/p>\n","protected":false},"author":2,"featured_media":228212,"comment_status":"closed","ping_status":"closed","sticky":false,"template":"","format":"standard","meta":{"footnotes":""},"categories":[12870,172],"tags":[12865,12874],"class_list":["post-228211","post","type-post","status-publish","format-standard","has-post-thumbnail","hentry","category-destacadas","category-nacional","tag-destacadas","tag-nacional"],"jetpack_featured_media_url":"https:\/\/rnoticias.com.mx\/Portal\/wp-content\/uploads\/2025\/08\/13217432_1423692774312857_5478340748995503861_o.jpg","amp_enabled":true,"_links":{"self":[{"href":"https:\/\/rnoticias.com.mx\/Portal\/wp-json\/wp\/v2\/posts\/228211","targetHints":{"allow":["GET"]}}],"collection":[{"href":"https:\/\/rnoticias.com.mx\/Portal\/wp-json\/wp\/v2\/posts"}],"about":[{"href":"https:\/\/rnoticias.com.mx\/Portal\/wp-json\/wp\/v2\/types\/post"}],"author":[{"embeddable":true,"href":"https:\/\/rnoticias.com.mx\/Portal\/wp-json\/wp\/v2\/users\/2"}],"replies":[{"embeddable":true,"href":"https:\/\/rnoticias.com.mx\/Portal\/wp-json\/wp\/v2\/comments?post=228211"}],"version-history":[{"count":1,"href":"https:\/\/rnoticias.com.mx\/Portal\/wp-json\/wp\/v2\/posts\/228211\/revisions"}],"predecessor-version":[{"id":228213,"href":"https:\/\/rnoticias.com.mx\/Portal\/wp-json\/wp\/v2\/posts\/228211\/revisions\/228213"}],"wp:featuredmedia":[{"embeddable":true,"href":"https:\/\/rnoticias.com.mx\/Portal\/wp-json\/wp\/v2\/media\/228212"}],"wp:attachment":[{"href":"https:\/\/rnoticias.com.mx\/Portal\/wp-json\/wp\/v2\/media?parent=228211"}],"wp:term":[{"taxonomy":"category","embeddable":true,"href":"https:\/\/rnoticias.com.mx\/Portal\/wp-json\/wp\/v2\/categories?post=228211"},{"taxonomy":"post_tag","embeddable":true,"href":"https:\/\/rnoticias.com.mx\/Portal\/wp-json\/wp\/v2\/tags?post=228211"}],"curies":[{"name":"wp","href":"https:\/\/api.w.org\/{rel}","templated":true}]}}