{"id":228205,"date":"2025-08-29T21:23:22","date_gmt":"2025-08-30T04:23:22","guid":{"rendered":"https:\/\/rnoticias.com.mx\/Portal\/?p=228205"},"modified":"2025-08-29T21:23:22","modified_gmt":"2025-08-30T04:23:22","slug":"gobernador-durazo-arranca-mes-del-testamento-con-beneficios-y-descuentos-para-personal-de-seguridad-salud-y-familias","status":"publish","type":"post","link":"https:\/\/rnoticias.com.mx\/Portal\/2025\/08\/29\/gobernador-durazo-arranca-mes-del-testamento-con-beneficios-y-descuentos-para-personal-de-seguridad-salud-y-familias\/","title":{"rendered":"Gobernador Durazo arranca Mes del Testamento con beneficios y descuentos para personal de seguridad, salud y familias"},"content":{"rendered":"<p align=\"left\">Hermosillo, Sonora; 29 de agosto de 2025.- Con la finalidad de ofrecer beneficios y descuentos a la ciudadan\u00eda en el proceso de tr\u00e1mites para la elaboraci\u00f3n de testamentos, garantizar la seguridad jur\u00eddica y la tranquilidad de las familias sonorenses, el gobernador Alfonso Durazo Monta\u00f1o puso en marcha la campa\u00f1a \u201cSeptiembre Mes del Testamento\u201d, que busca proteger el patrimonio y facilitar la planificaci\u00f3n a futuro mediante la distribuci\u00f3n ordenada de los bienes familiares.<\/p>\n<p align=\"left\">\n<p align=\"left\">El mandatario sonorense destac\u00f3 que el testamento, como acto legal, no solo avala la correcta distribuci\u00f3n de los bienes de una persona (el testador) despu\u00e9s de su fallecimiento, sino que tambi\u00e9n aporta tranquilidad y claridad en un momento que puede resultar crucial para las familias; se trata de una oportunidad para planificar el futuro y asegurar que los seres queridos puedan recibir lo heredado de manera pac\u00edfica y sin complicaciones legales.<\/p>\n<p align=\"left\">\n<p align=\"left\">\u201cEs un gesto de responsabilidad familiar dejar un testamento. Cada testamento es un pleito menos en tribunales y un paso m\u00e1s hacia una sociedad con paz y tranquilidad. Por eso hoy estamos geredando m\u00e1s incentivos para que la gente realice este valioso tr\u00e1mite\u201d, subray\u00f3 el jefe del Ejecutivo estatal.<\/p>\n<p align=\"left\">\n<p align=\"left\">Detall\u00f3 que el testamento no es \u00fanicamente un asunto de adultos mayores, sino una decisi\u00f3n que cualquier persona puede y debe considerar en cualquier etapa de su vida para proteger sus intereses y asegurar la armon\u00eda familiar en el futuro.<\/p>\n<p align=\"left\">\n<p align=\"left\">En el marco del Mes del Testamento, el gobernador Durazo firm\u00f3 un convenio de colaboraci\u00f3n, denominado Fortalecimiento Notarial y Vinculaci\u00f3n Social, con el presidente del Colegio de Notarios, Ren\u00e9 Francisco Luna Sugich, mediante el cual se lograr\u00e1 exentar de pago a corporaciones de seguridad publica en sus tres niveles de gobierno, fuerzas armadas y personal de salud.<\/p>\n<p align=\"left\">\n<p align=\"left\">Se podr\u00e1 reducir al 50 por ciento el pago al resto de los ciudadanos. Se dar\u00e1 una reducci\u00f3n en honorarios de notarios del 50 por ciento para el tr\u00e1mite de sucesiones indicadas en sede notarial en el mes de septiembre y hasta su conclusi\u00f3n, o de la escritura de protocolizaci\u00f3n por mandato judicial elaborada durante el mismo periodo.<\/p>\n<p align=\"left\">\n<p align=\"left\">Acompa\u00f1ado de Adolfo Salazar Razo, secretario de Gobierno; Liza Adriana Auy\u00f3n Dom\u00ednguez, directora general de Notar\u00edas; Mar\u00eda Soledad Vel\u00e1zquez Herrera, vocal ejecutivo del Instituto Catastral y Registral del Estado de Sonora (Icreson) y Ricardo Araiza Celaya, subsecretario de Servicios de Gobierno, el gobernador Durazo Monta\u00f1o reconoci\u00f3 la valiosa labor del notariado sonorense en beneficio de la ciudadan\u00eda.<\/p>\n","protected":false},"excerpt":{"rendered":"<p>Hermosillo, Sonora; 29 de agosto de 2025.- Con la finalidad de ofrecer beneficios y descuentos a la ciudadan\u00eda en el proceso de tr\u00e1mites para la elaboraci\u00f3n de testamentos, garantizar la seguridad jur\u00eddica y la tranquilidad de las familias sonorenses, el gobernador Alfonso Durazo Monta\u00f1o puso en marcha la campa\u00f1a \u201cSeptiembre Mes del Testamento\u201d, que busca [&hellip;]<\/p>\n","protected":false},"author":2,"featured_media":228206,"comment_status":"closed","ping_status":"closed","sticky":false,"template":"","format":"standard","meta":{"footnotes":""},"categories":[12870,178],"tags":[12865,12869],"class_list":["post-228205","post","type-post","status-publish","format-standard","has-post-thumbnail","hentry","category-destacadas","category-local","tag-destacadas","tag-local"],"jetpack_featured_media_url":"https:\/\/rnoticias.com.mx\/Portal\/wp-content\/uploads\/2025\/08\/unnamed-96.jpg","amp_enabled":true,"_links":{"self":[{"href":"https:\/\/rnoticias.com.mx\/Portal\/wp-json\/wp\/v2\/posts\/228205","targetHints":{"allow":["GET"]}}],"collection":[{"href":"https:\/\/rnoticias.com.mx\/Portal\/wp-json\/wp\/v2\/posts"}],"about":[{"href":"https:\/\/rnoticias.com.mx\/Portal\/wp-json\/wp\/v2\/types\/post"}],"author":[{"embeddable":true,"href":"https:\/\/rnoticias.com.mx\/Portal\/wp-json\/wp\/v2\/users\/2"}],"replies":[{"embeddable":true,"href":"https:\/\/rnoticias.com.mx\/Portal\/wp-json\/wp\/v2\/comments?post=228205"}],"version-history":[{"count":1,"href":"https:\/\/rnoticias.com.mx\/Portal\/wp-json\/wp\/v2\/posts\/228205\/revisions"}],"predecessor-version":[{"id":228207,"href":"https:\/\/rnoticias.com.mx\/Portal\/wp-json\/wp\/v2\/posts\/228205\/revisions\/228207"}],"wp:featuredmedia":[{"embeddable":true,"href":"https:\/\/rnoticias.com.mx\/Portal\/wp-json\/wp\/v2\/media\/228206"}],"wp:attachment":[{"href":"https:\/\/rnoticias.com.mx\/Portal\/wp-json\/wp\/v2\/media?parent=228205"}],"wp:term":[{"taxonomy":"category","embeddable":true,"href":"https:\/\/rnoticias.com.mx\/Portal\/wp-json\/wp\/v2\/categories?post=228205"},{"taxonomy":"post_tag","embeddable":true,"href":"https:\/\/rnoticias.com.mx\/Portal\/wp-json\/wp\/v2\/tags?post=228205"}],"curies":[{"name":"wp","href":"https:\/\/api.w.org\/{rel}","templated":true}]}}