{"id":228202,"date":"2025-08-29T20:52:42","date_gmt":"2025-08-30T03:52:42","guid":{"rendered":"https:\/\/rnoticias.com.mx\/Portal\/?p=228202"},"modified":"2025-08-29T20:52:42","modified_gmt":"2025-08-30T03:52:42","slug":"marcharan-en-hermosillo-este-30-de-agosto-por-dia-de-la-desaparicion-forzada","status":"publish","type":"post","link":"https:\/\/rnoticias.com.mx\/Portal\/2025\/08\/29\/marcharan-en-hermosillo-este-30-de-agosto-por-dia-de-la-desaparicion-forzada\/","title":{"rendered":"Marchar\u00e1n en Hermosillo este 30 de agosto por D\u00eda de la Desaparici\u00f3n Forzada"},"content":{"rendered":"<p>Hermosillo, Sonora. Este s\u00e1bado 30 de agosto, con motivo del D\u00eda Internacional de la Desaparici\u00f3n Forzada, el colectivo Buscadoras por la Paz realizar\u00e1 una marcha pac\u00edfica en la ciudad de Hermosillo.<\/p>\n<p>&nbsp;<\/p>\n<p>Cecilia Delgado Grijalva, l\u00edder del colectivo, invit\u00f3 a la sociedad a unirse a la manifestaci\u00f3n que iniciar\u00e1 a las 17:30 horas en la Plaza Emiliana de Zubeld\u00eda, con el objetivo de visibilizar la lucha contra las desapariciones forzadas.<\/p>\n<p>&nbsp;<\/p>\n<p>\u201cLa marcha culminar\u00e1 en la Plaza Zaragoza, donde el presidente Antonio Astiazar\u00e1n presentar\u00e1 el proyecto de la Plaza Las Buscadoras, un espacio que rendir\u00e1 homenaje a las v\u00edctimas de desaparici\u00f3n y a las mujeres que han liderado la b\u00fasqueda de justicia\u201d, cont\u00f3.<\/p>\n<p>&nbsp;<\/p>\n<p>La Plaza Las Buscadoras es el resultado de una gesti\u00f3n directa del colectivo con el Ayuntamiento de Hermosillo. En este proyecto, que contar\u00e1 con la participaci\u00f3n de arquitectos y escultores, se proyectar\u00e1 una representaci\u00f3n visual del dise\u00f1o de la plaza en pantallas, el pr\u00f3ximo s\u00e1bado.<\/p>\n<p>&nbsp;<\/p>\n<p>Seg\u00fan Delgado, la iniciativa busca reconocer la incansable labor de las buscadoras, as\u00ed como recordar los nombres de las personas desaparecidas, quienes no deben quedar en el olvido.<\/p>\n<p>&nbsp;<\/p>\n<p>&#8220;Para nosotras, este d\u00eda es de vital importancia, porque visibilizamos nuestra lucha y, sobre todo, mostramos que nuestros familiares no est\u00e1n olvidados. Aunque el 30 de agosto es una fecha especial, para las familias de las v\u00edctimas de desaparici\u00f3n forzada, el recuerdo y la lucha son diarios\u201d, afirm\u00f3.<\/p>\n<p>&nbsp;<\/p>\n<p>La l\u00edder del colectivo subray\u00f3 que la presencia de la sociedad es fundamental, ya que, aunque muchas personas no tengan familiares desaparecidos.<\/p>\n<p>&nbsp;<\/p>\n","protected":false},"excerpt":{"rendered":"<p>Hermosillo, Sonora. Este s\u00e1bado 30 de agosto, con motivo del D\u00eda Internacional de la Desaparici\u00f3n Forzada, el colectivo Buscadoras por la Paz realizar\u00e1 una marcha pac\u00edfica en la ciudad de Hermosillo. &nbsp; Cecilia Delgado Grijalva, l\u00edder del colectivo, invit\u00f3 a la sociedad a unirse a la manifestaci\u00f3n que iniciar\u00e1 a las 17:30 horas en la [&hellip;]<\/p>\n","protected":false},"author":2,"featured_media":228203,"comment_status":"closed","ping_status":"closed","sticky":false,"template":"","format":"standard","meta":{"footnotes":""},"categories":[12870,178],"tags":[12865,12869],"class_list":["post-228202","post","type-post","status-publish","format-standard","has-post-thumbnail","hentry","category-destacadas","category-local","tag-destacadas","tag-local"],"jetpack_featured_media_url":"https:\/\/rnoticias.com.mx\/Portal\/wp-content\/uploads\/2025\/08\/f608x342-139234_168957_4427.webp","amp_enabled":true,"_links":{"self":[{"href":"https:\/\/rnoticias.com.mx\/Portal\/wp-json\/wp\/v2\/posts\/228202","targetHints":{"allow":["GET"]}}],"collection":[{"href":"https:\/\/rnoticias.com.mx\/Portal\/wp-json\/wp\/v2\/posts"}],"about":[{"href":"https:\/\/rnoticias.com.mx\/Portal\/wp-json\/wp\/v2\/types\/post"}],"author":[{"embeddable":true,"href":"https:\/\/rnoticias.com.mx\/Portal\/wp-json\/wp\/v2\/users\/2"}],"replies":[{"embeddable":true,"href":"https:\/\/rnoticias.com.mx\/Portal\/wp-json\/wp\/v2\/comments?post=228202"}],"version-history":[{"count":1,"href":"https:\/\/rnoticias.com.mx\/Portal\/wp-json\/wp\/v2\/posts\/228202\/revisions"}],"predecessor-version":[{"id":228204,"href":"https:\/\/rnoticias.com.mx\/Portal\/wp-json\/wp\/v2\/posts\/228202\/revisions\/228204"}],"wp:featuredmedia":[{"embeddable":true,"href":"https:\/\/rnoticias.com.mx\/Portal\/wp-json\/wp\/v2\/media\/228203"}],"wp:attachment":[{"href":"https:\/\/rnoticias.com.mx\/Portal\/wp-json\/wp\/v2\/media?parent=228202"}],"wp:term":[{"taxonomy":"category","embeddable":true,"href":"https:\/\/rnoticias.com.mx\/Portal\/wp-json\/wp\/v2\/categories?post=228202"},{"taxonomy":"post_tag","embeddable":true,"href":"https:\/\/rnoticias.com.mx\/Portal\/wp-json\/wp\/v2\/tags?post=228202"}],"curies":[{"name":"wp","href":"https:\/\/api.w.org\/{rel}","templated":true}]}}