{"id":228199,"date":"2025-08-29T20:51:47","date_gmt":"2025-08-30T03:51:47","guid":{"rendered":"https:\/\/rnoticias.com.mx\/Portal\/?p=228199"},"modified":"2025-08-29T20:51:47","modified_gmt":"2025-08-30T03:51:47","slug":"piden-tour-operadores-atencion-urgente-para-el-cerro-de-la-campana","status":"publish","type":"post","link":"https:\/\/rnoticias.com.mx\/Portal\/2025\/08\/29\/piden-tour-operadores-atencion-urgente-para-el-cerro-de-la-campana\/","title":{"rendered":"Piden tour operadores atenci\u00f3n urgente para el Cerro de la Campana"},"content":{"rendered":"<p>Hermosillo, Sonora. La Asociaci\u00f3n Sonorense de Tour Operadores, Gu\u00edas y Anfitriones Tur\u00edsticos, hizo un llamado al Ayuntamiento de Hermosillo para atender las m\u00faltiples deficiencias del Cerro de la Campana.<\/p>\n<p>&nbsp;<\/p>\n<p>Julio Cesar Rasc\u00f3n Torres, presidente de la organizaci\u00f3n se\u00f1al\u00f3 que desafortunadamente en ese sitio de los m\u00e1s emblem\u00e1tico de Hermosillo, falta de mantenimiento, servicios b\u00e1sicos, control vial y seguridad.<\/p>\n<p>&nbsp;<\/p>\n<p>\u201cYa le entregamos una carta al Presidente Municipal hace como tres semanas, coment\u00e1ndole todo ello, pero no hemos recibido respuesta\u201d, afirm\u00f3.<\/p>\n<p>&nbsp;<\/p>\n<p>En ese sentido, propuso permitir la operaci\u00f3n de ba\u00f1os port\u00e1tiles y reactivar servicios tur\u00edsticos para mejorar la experiencia del visitante.<\/p>\n<p>&nbsp;<\/p>\n<p>Tambi\u00e9n pidi\u00f3 mayor presencia policiaca ante reportes de inseguridad, exhortando a la ciudadan\u00eda a no acudir solos ni de noche.<\/p>\n<p>&nbsp;<\/p>\n<p>\u201cLo \u00fanico que se necesita es voluntad de la autoridad\u201d, expres\u00f3.<\/p>\n<p>&nbsp;<\/p>\n","protected":false},"excerpt":{"rendered":"<p>Hermosillo, Sonora. La Asociaci\u00f3n Sonorense de Tour Operadores, Gu\u00edas y Anfitriones Tur\u00edsticos, hizo un llamado al Ayuntamiento de Hermosillo para atender las m\u00faltiples deficiencias del Cerro de la Campana. &nbsp; Julio Cesar Rasc\u00f3n Torres, presidente de la organizaci\u00f3n se\u00f1al\u00f3 que desafortunadamente en ese sitio de los m\u00e1s emblem\u00e1tico de Hermosillo, falta de mantenimiento, servicios b\u00e1sicos, [&hellip;]<\/p>\n","protected":false},"author":2,"featured_media":228200,"comment_status":"closed","ping_status":"closed","sticky":false,"template":"","format":"standard","meta":{"footnotes":""},"categories":[12870,178],"tags":[12865,12869],"class_list":["post-228199","post","type-post","status-publish","format-standard","has-post-thumbnail","hentry","category-destacadas","category-local","tag-destacadas","tag-local"],"jetpack_featured_media_url":"https:\/\/rnoticias.com.mx\/Portal\/wp-content\/uploads\/2025\/08\/CerrodelaCampana_1.jpg","amp_enabled":true,"_links":{"self":[{"href":"https:\/\/rnoticias.com.mx\/Portal\/wp-json\/wp\/v2\/posts\/228199","targetHints":{"allow":["GET"]}}],"collection":[{"href":"https:\/\/rnoticias.com.mx\/Portal\/wp-json\/wp\/v2\/posts"}],"about":[{"href":"https:\/\/rnoticias.com.mx\/Portal\/wp-json\/wp\/v2\/types\/post"}],"author":[{"embeddable":true,"href":"https:\/\/rnoticias.com.mx\/Portal\/wp-json\/wp\/v2\/users\/2"}],"replies":[{"embeddable":true,"href":"https:\/\/rnoticias.com.mx\/Portal\/wp-json\/wp\/v2\/comments?post=228199"}],"version-history":[{"count":1,"href":"https:\/\/rnoticias.com.mx\/Portal\/wp-json\/wp\/v2\/posts\/228199\/revisions"}],"predecessor-version":[{"id":228201,"href":"https:\/\/rnoticias.com.mx\/Portal\/wp-json\/wp\/v2\/posts\/228199\/revisions\/228201"}],"wp:featuredmedia":[{"embeddable":true,"href":"https:\/\/rnoticias.com.mx\/Portal\/wp-json\/wp\/v2\/media\/228200"}],"wp:attachment":[{"href":"https:\/\/rnoticias.com.mx\/Portal\/wp-json\/wp\/v2\/media?parent=228199"}],"wp:term":[{"taxonomy":"category","embeddable":true,"href":"https:\/\/rnoticias.com.mx\/Portal\/wp-json\/wp\/v2\/categories?post=228199"},{"taxonomy":"post_tag","embeddable":true,"href":"https:\/\/rnoticias.com.mx\/Portal\/wp-json\/wp\/v2\/tags?post=228199"}],"curies":[{"name":"wp","href":"https:\/\/api.w.org\/{rel}","templated":true}]}}