{"id":228189,"date":"2025-08-29T17:10:13","date_gmt":"2025-08-30T00:10:13","guid":{"rendered":"https:\/\/rnoticias.com.mx\/Portal\/?p=228189"},"modified":"2025-08-29T17:10:13","modified_gmt":"2025-08-30T00:10:13","slug":"iee-descarta-quejas-por-campanas-anticipadas-rumbo-a-2027-en-sonora","status":"publish","type":"post","link":"https:\/\/rnoticias.com.mx\/Portal\/2025\/08\/29\/iee-descarta-quejas-por-campanas-anticipadas-rumbo-a-2027-en-sonora\/","title":{"rendered":"IEE descarta quejas por campa\u00f1as anticipadas rumbo a 2027 en Sonora"},"content":{"rendered":"<p>Hermosillo, Sonora. Hasta la fecha, el Instituto Estatal Electoral y de Participaci\u00f3n Ciudadana (IEEyPC) no ha recibido denuncias formales por posibles actos anticipados de campa\u00f1a en el estado, inform\u00f3 el consejero presidente del organismo, Nery Ruiz Arvizu.<\/p>\n<p>&nbsp;<\/p>\n<p>El funcionario aclar\u00f3 que el instituto act\u00faa \u00fanicamente cuando se presentan quejas oficiales o cuando se identifica alguna irregularidad mediante una autoridad competente.<\/p>\n<p>&nbsp;<\/p>\n<p>\u201cEn tanto no haya una denuncia formal o una queja canalizada por alguna instituci\u00f3n, no se puede iniciar un procedimiento sancionador\u201d, explic\u00f3.<\/p>\n<p>&nbsp;<\/p>\n<p>En d\u00edas recientes, en redes sociales comenz\u00f3 a circular una imagen de una barda con el nombre de un exalcalde de Hermosillo acompa\u00f1ado de los colores representativos de su partido pol\u00edtico, lo que gener\u00f3 especulaciones sobre un posible inicio anticipado de actividades proselitistas rumbo a las elecciones de 2027.<\/p>\n<p>&nbsp;<\/p>\n<p>Al respecto, Ruiz Arvizu puntualiz\u00f3 que, de existir una denuncia, esta deber\u00e1 ser canalizada al Tribunal Estatal Electoral, instancia encargada de determinar si hay elementos suficientes para aplicar alguna sanci\u00f3n.<\/p>\n<p>&nbsp;<\/p>\n<p>&nbsp;<\/p>\n","protected":false},"excerpt":{"rendered":"<p>Hermosillo, Sonora. Hasta la fecha, el Instituto Estatal Electoral y de Participaci\u00f3n Ciudadana (IEEyPC) no ha recibido denuncias formales por posibles actos anticipados de campa\u00f1a en el estado, inform\u00f3 el consejero presidente del organismo, Nery Ruiz Arvizu. &nbsp; El funcionario aclar\u00f3 que el instituto act\u00faa \u00fanicamente cuando se presentan quejas oficiales o cuando se identifica [&hellip;]<\/p>\n","protected":false},"author":2,"featured_media":228190,"comment_status":"closed","ping_status":"closed","sticky":false,"template":"","format":"standard","meta":{"footnotes":""},"categories":[12870,12868],"tags":[12865,12879],"class_list":["post-228189","post","type-post","status-publish","format-standard","has-post-thumbnail","hentry","category-destacadas","category-politica","tag-destacadas","tag-politica"],"jetpack_featured_media_url":"https:\/\/rnoticias.com.mx\/Portal\/wp-content\/uploads\/2025\/08\/EwXjh5bWYAYEZdX.jpg","amp_enabled":true,"_links":{"self":[{"href":"https:\/\/rnoticias.com.mx\/Portal\/wp-json\/wp\/v2\/posts\/228189","targetHints":{"allow":["GET"]}}],"collection":[{"href":"https:\/\/rnoticias.com.mx\/Portal\/wp-json\/wp\/v2\/posts"}],"about":[{"href":"https:\/\/rnoticias.com.mx\/Portal\/wp-json\/wp\/v2\/types\/post"}],"author":[{"embeddable":true,"href":"https:\/\/rnoticias.com.mx\/Portal\/wp-json\/wp\/v2\/users\/2"}],"replies":[{"embeddable":true,"href":"https:\/\/rnoticias.com.mx\/Portal\/wp-json\/wp\/v2\/comments?post=228189"}],"version-history":[{"count":1,"href":"https:\/\/rnoticias.com.mx\/Portal\/wp-json\/wp\/v2\/posts\/228189\/revisions"}],"predecessor-version":[{"id":228191,"href":"https:\/\/rnoticias.com.mx\/Portal\/wp-json\/wp\/v2\/posts\/228189\/revisions\/228191"}],"wp:featuredmedia":[{"embeddable":true,"href":"https:\/\/rnoticias.com.mx\/Portal\/wp-json\/wp\/v2\/media\/228190"}],"wp:attachment":[{"href":"https:\/\/rnoticias.com.mx\/Portal\/wp-json\/wp\/v2\/media?parent=228189"}],"wp:term":[{"taxonomy":"category","embeddable":true,"href":"https:\/\/rnoticias.com.mx\/Portal\/wp-json\/wp\/v2\/categories?post=228189"},{"taxonomy":"post_tag","embeddable":true,"href":"https:\/\/rnoticias.com.mx\/Portal\/wp-json\/wp\/v2\/tags?post=228189"}],"curies":[{"name":"wp","href":"https:\/\/api.w.org\/{rel}","templated":true}]}}