{"id":228186,"date":"2025-08-29T17:09:02","date_gmt":"2025-08-30T00:09:02","guid":{"rendered":"https:\/\/rnoticias.com.mx\/Portal\/?p=228186"},"modified":"2025-08-29T17:09:02","modified_gmt":"2025-08-30T00:09:02","slug":"necesario-diversificar-cultivos-para-enfrentar-crisis-hidrica-celida-lopez","status":"publish","type":"post","link":"https:\/\/rnoticias.com.mx\/Portal\/2025\/08\/29\/necesario-diversificar-cultivos-para-enfrentar-crisis-hidrica-celida-lopez\/","title":{"rendered":"Necesario diversificar cultivos para enfrentar crisis h\u00eddrica: C\u00e9lida L\u00f3pez"},"content":{"rendered":"<p>La titular de la SAGARHPA en Sonora, C\u00e9lida L\u00f3pez C\u00e1rdenas, afirm\u00f3 que la sequ\u00eda obliga a replantear la producci\u00f3n agr\u00edcola y planear de manera conjunta con distritos de riego, productores e industria.<\/p>\n<p>&nbsp;<\/p>\n<p>Al inaugurar el Primer Foro de Diversificaci\u00f3n Productiva Sonora 2025, la funcionaria estatal subray\u00f3 que los agricultores requieren contratos previos para dar certidumbre a sus cosechas y garantizar precios justos.<\/p>\n<p>&nbsp;<\/p>\n<p>\u201cLa humanidad est\u00e1 enfrentando severos problemas, nuestras temperaturas nos est\u00e1n obligando a cambiar nuestras formas de trabajar\u00a0en el campo, en la pesca, en la ganader\u00eda.\u00a0Entonces, creo que traer a personas que tienen conocimiento,\u00a0que nos pueden ayudar en la industria tambi\u00e9n a ser aliados\u00a0porque yo s\u00ed estoy convencida de que tenemos que ver todo el sistema de otra manera.<\/p>\n<p>&nbsp;<\/p>\n<p>Se\u00f1al\u00f3 que es necesario diversificar hacia cultivos con rentabilidad, como la cebada y la canola, en coordinaci\u00f3n con empresas como Constellation y Aceites del Mayo.<\/p>\n<p>&nbsp;<\/p>\n<p>Agreg\u00f3 que, por instrucci\u00f3n del gobernador Alfonso Durazo, se fortalecer\u00e1n acuerdos con la industria para asegurar que la producci\u00f3n agr\u00edcola tenga mercado seguro y mejores condiciones de venta.<\/p>\n","protected":false},"excerpt":{"rendered":"<p>La titular de la SAGARHPA en Sonora, C\u00e9lida L\u00f3pez C\u00e1rdenas, afirm\u00f3 que la sequ\u00eda obliga a replantear la producci\u00f3n agr\u00edcola y planear de manera conjunta con distritos de riego, productores e industria. &nbsp; Al inaugurar el Primer Foro de Diversificaci\u00f3n Productiva Sonora 2025, la funcionaria estatal subray\u00f3 que los agricultores requieren contratos previos para dar [&hellip;]<\/p>\n","protected":false},"author":2,"featured_media":228187,"comment_status":"closed","ping_status":"closed","sticky":false,"template":"","format":"standard","meta":{"footnotes":""},"categories":[12870,174],"tags":[12865,12873],"class_list":["post-228186","post","type-post","status-publish","format-standard","has-post-thumbnail","hentry","category-destacadas","category-estatal","tag-destacadas","tag-estatal"],"jetpack_featured_media_url":"https:\/\/rnoticias.com.mx\/Portal\/wp-content\/uploads\/2025\/08\/98238.jpg","amp_enabled":true,"_links":{"self":[{"href":"https:\/\/rnoticias.com.mx\/Portal\/wp-json\/wp\/v2\/posts\/228186","targetHints":{"allow":["GET"]}}],"collection":[{"href":"https:\/\/rnoticias.com.mx\/Portal\/wp-json\/wp\/v2\/posts"}],"about":[{"href":"https:\/\/rnoticias.com.mx\/Portal\/wp-json\/wp\/v2\/types\/post"}],"author":[{"embeddable":true,"href":"https:\/\/rnoticias.com.mx\/Portal\/wp-json\/wp\/v2\/users\/2"}],"replies":[{"embeddable":true,"href":"https:\/\/rnoticias.com.mx\/Portal\/wp-json\/wp\/v2\/comments?post=228186"}],"version-history":[{"count":1,"href":"https:\/\/rnoticias.com.mx\/Portal\/wp-json\/wp\/v2\/posts\/228186\/revisions"}],"predecessor-version":[{"id":228188,"href":"https:\/\/rnoticias.com.mx\/Portal\/wp-json\/wp\/v2\/posts\/228186\/revisions\/228188"}],"wp:featuredmedia":[{"embeddable":true,"href":"https:\/\/rnoticias.com.mx\/Portal\/wp-json\/wp\/v2\/media\/228187"}],"wp:attachment":[{"href":"https:\/\/rnoticias.com.mx\/Portal\/wp-json\/wp\/v2\/media?parent=228186"}],"wp:term":[{"taxonomy":"category","embeddable":true,"href":"https:\/\/rnoticias.com.mx\/Portal\/wp-json\/wp\/v2\/categories?post=228186"},{"taxonomy":"post_tag","embeddable":true,"href":"https:\/\/rnoticias.com.mx\/Portal\/wp-json\/wp\/v2\/tags?post=228186"}],"curies":[{"name":"wp","href":"https:\/\/api.w.org\/{rel}","templated":true}]}}