{"id":228183,"date":"2025-08-29T16:30:15","date_gmt":"2025-08-29T23:30:15","guid":{"rendered":"https:\/\/rnoticias.com.mx\/Portal\/?p=228183"},"modified":"2025-08-29T16:30:15","modified_gmt":"2025-08-29T23:30:15","slug":"turismo-con-causa-una-iniciativa-solidaria-para-apoyar-a-ninos-con-cancer-en-sonora","status":"publish","type":"post","link":"https:\/\/rnoticias.com.mx\/Portal\/2025\/08\/29\/turismo-con-causa-una-iniciativa-solidaria-para-apoyar-a-ninos-con-cancer-en-sonora\/","title":{"rendered":"\u201cTurismo con Causa\u201d: una iniciativa solidaria para apoyar a ni\u00f1os con c\u00e1ncer en Sonora"},"content":{"rendered":"<p>Hermosillo, Sonora. En un esfuerzo por combinar turismo y solidaridad, fue presentado el proyecto \u201cTurismo con Causa\u201d, impulsado por la Asociaci\u00f3n Sonorense de Touroperadores y Sonora Tours, en colaboraci\u00f3n con La Ludoteca Ave Ba\u2019du A.C.<\/p>\n<p>&nbsp;<\/p>\n<p>Su director, Julio Rasc\u00f3n, dijo que la iniciativa ofrece recorridos por destinos tur\u00edsticos de Sonora, y destina el 15% de cada tour a apoyar a ni\u00f1as y ni\u00f1os con c\u00e1ncer, beneficiando su alimentaci\u00f3n, tratamientos y medicamentos.<\/p>\n<p>&nbsp;<\/p>\n<p>\u201cEste programa busca promover el turismo responsable y generar impacto social positivo. Invitamos al p\u00fablico a sumarse y consultar pr\u00f3ximas fechas en redes sociales de Sonora Tours\u201d, coment\u00f3.<\/p>\n<p>&nbsp;<\/p>\n<p>Detall\u00f3, que los viajes que participar\u00e1n en esta din\u00e1mica son: Y\u00e9cora, Rio Sonora y la Isla del Tiburon.<\/p>\n<p>&nbsp;<\/p>\n<p>Por su parte, Viviana Bautista, directora de la Ludoteca Ave Badu, agradeci\u00f3 los hayan tomado en cuenta en esa propuesta y el recurso obtenido lo usaran en desayunos, tratamientos y medicamentos.<\/p>\n","protected":false},"excerpt":{"rendered":"<p>Hermosillo, Sonora. En un esfuerzo por combinar turismo y solidaridad, fue presentado el proyecto \u201cTurismo con Causa\u201d, impulsado por la Asociaci\u00f3n Sonorense de Touroperadores y Sonora Tours, en colaboraci\u00f3n con La Ludoteca Ave Ba\u2019du A.C. &nbsp; Su director, Julio Rasc\u00f3n, dijo que la iniciativa ofrece recorridos por destinos tur\u00edsticos de Sonora, y destina el 15% [&hellip;]<\/p>\n","protected":false},"author":2,"featured_media":228184,"comment_status":"closed","ping_status":"closed","sticky":false,"template":"","format":"standard","meta":{"footnotes":""},"categories":[12870,178],"tags":[12865,12869],"class_list":["post-228183","post","type-post","status-publish","format-standard","has-post-thumbnail","hentry","category-destacadas","category-local","tag-destacadas","tag-local"],"jetpack_featured_media_url":"https:\/\/rnoticias.com.mx\/Portal\/wp-content\/uploads\/2025\/08\/WhatsApp-Image-2025-08-29-at-4.01.19-PM.jpeg","amp_enabled":true,"_links":{"self":[{"href":"https:\/\/rnoticias.com.mx\/Portal\/wp-json\/wp\/v2\/posts\/228183","targetHints":{"allow":["GET"]}}],"collection":[{"href":"https:\/\/rnoticias.com.mx\/Portal\/wp-json\/wp\/v2\/posts"}],"about":[{"href":"https:\/\/rnoticias.com.mx\/Portal\/wp-json\/wp\/v2\/types\/post"}],"author":[{"embeddable":true,"href":"https:\/\/rnoticias.com.mx\/Portal\/wp-json\/wp\/v2\/users\/2"}],"replies":[{"embeddable":true,"href":"https:\/\/rnoticias.com.mx\/Portal\/wp-json\/wp\/v2\/comments?post=228183"}],"version-history":[{"count":1,"href":"https:\/\/rnoticias.com.mx\/Portal\/wp-json\/wp\/v2\/posts\/228183\/revisions"}],"predecessor-version":[{"id":228185,"href":"https:\/\/rnoticias.com.mx\/Portal\/wp-json\/wp\/v2\/posts\/228183\/revisions\/228185"}],"wp:featuredmedia":[{"embeddable":true,"href":"https:\/\/rnoticias.com.mx\/Portal\/wp-json\/wp\/v2\/media\/228184"}],"wp:attachment":[{"href":"https:\/\/rnoticias.com.mx\/Portal\/wp-json\/wp\/v2\/media?parent=228183"}],"wp:term":[{"taxonomy":"category","embeddable":true,"href":"https:\/\/rnoticias.com.mx\/Portal\/wp-json\/wp\/v2\/categories?post=228183"},{"taxonomy":"post_tag","embeddable":true,"href":"https:\/\/rnoticias.com.mx\/Portal\/wp-json\/wp\/v2\/tags?post=228183"}],"curies":[{"name":"wp","href":"https:\/\/api.w.org\/{rel}","templated":true}]}}