{"id":228180,"date":"2025-08-29T16:28:20","date_gmt":"2025-08-29T23:28:20","guid":{"rendered":"https:\/\/rnoticias.com.mx\/Portal\/?p=228180"},"modified":"2025-08-29T16:28:20","modified_gmt":"2025-08-29T23:28:20","slug":"fin-de-semana-con-altas-probabilidades-de-lluvia-en-sonora-conagua","status":"publish","type":"post","link":"https:\/\/rnoticias.com.mx\/Portal\/2025\/08\/29\/fin-de-semana-con-altas-probabilidades-de-lluvia-en-sonora-conagua\/","title":{"rendered":"Fin de semana con altas probabilidades de lluvia en Sonora: Conagua"},"content":{"rendered":"<p>Hermosillo, Sonora. Las condiciones del monz\u00f3n mexicano favorecer\u00e1n la presencia de lluvias en gran parte de Sonora durante este fin de semana, dio a conocer Gilberto Lagarda V\u00e1zquez.<\/p>\n<p>&nbsp;<\/p>\n<p>El especialista t\u00e9cnico de la Comisi\u00f3n Nacional del Agua (Conagua), detall\u00f3 que de acuerdo con el pron\u00f3stico, en la zona sur y oriente del estado existe un 60% de probabilidad de precipitaciones de ligeras a moderadas, con la posibilidad de que se registren eventos puntuales m\u00e1s intensos.<\/p>\n<p>&nbsp;<\/p>\n<p>\u201cPara la regi\u00f3n centro y norte, las lluvias se estiman entre ligeras y moderadas con una probabilidad del 40%\u201d, coment\u00f3.<\/p>\n<p>&nbsp;<\/p>\n<p>Lagarda V\u00e1zquez indic\u00f3 que, pese a la presencia de lluvias, las temperaturas m\u00e1ximas se mantendr\u00e1n cercanas a los 40 grados, mientras que las m\u00ednimas continuar\u00e1n por encima de los 15 grados en \u00e1reas altas del norte y oriente.<\/p>\n<p>&nbsp;<\/p>\n<p>Finalmente, se\u00f1al\u00f3 que el primer frente fr\u00edo de la temporada ingresar\u00e1 al territorio nacional este domingo, aunque no generar\u00e1 efectos directos en Sonora, limit\u00e1ndose a ocasionar vientos en la zona noroeste del pa\u00eds.<\/p>\n","protected":false},"excerpt":{"rendered":"<p>Hermosillo, Sonora. Las condiciones del monz\u00f3n mexicano favorecer\u00e1n la presencia de lluvias en gran parte de Sonora durante este fin de semana, dio a conocer Gilberto Lagarda V\u00e1zquez. &nbsp; El especialista t\u00e9cnico de la Comisi\u00f3n Nacional del Agua (Conagua), detall\u00f3 que de acuerdo con el pron\u00f3stico, en la zona sur y oriente del estado existe [&hellip;]<\/p>\n","protected":false},"author":2,"featured_media":228181,"comment_status":"closed","ping_status":"closed","sticky":false,"template":"","format":"standard","meta":{"footnotes":""},"categories":[12870,178],"tags":[12865,12869],"class_list":["post-228180","post","type-post","status-publish","format-standard","has-post-thumbnail","hentry","category-destacadas","category-local","tag-destacadas","tag-local"],"jetpack_featured_media_url":"https:\/\/rnoticias.com.mx\/Portal\/wp-content\/uploads\/2025\/08\/82236c3e475d63299e788af8d68a7c1a.jpg","amp_enabled":true,"_links":{"self":[{"href":"https:\/\/rnoticias.com.mx\/Portal\/wp-json\/wp\/v2\/posts\/228180","targetHints":{"allow":["GET"]}}],"collection":[{"href":"https:\/\/rnoticias.com.mx\/Portal\/wp-json\/wp\/v2\/posts"}],"about":[{"href":"https:\/\/rnoticias.com.mx\/Portal\/wp-json\/wp\/v2\/types\/post"}],"author":[{"embeddable":true,"href":"https:\/\/rnoticias.com.mx\/Portal\/wp-json\/wp\/v2\/users\/2"}],"replies":[{"embeddable":true,"href":"https:\/\/rnoticias.com.mx\/Portal\/wp-json\/wp\/v2\/comments?post=228180"}],"version-history":[{"count":1,"href":"https:\/\/rnoticias.com.mx\/Portal\/wp-json\/wp\/v2\/posts\/228180\/revisions"}],"predecessor-version":[{"id":228182,"href":"https:\/\/rnoticias.com.mx\/Portal\/wp-json\/wp\/v2\/posts\/228180\/revisions\/228182"}],"wp:featuredmedia":[{"embeddable":true,"href":"https:\/\/rnoticias.com.mx\/Portal\/wp-json\/wp\/v2\/media\/228181"}],"wp:attachment":[{"href":"https:\/\/rnoticias.com.mx\/Portal\/wp-json\/wp\/v2\/media?parent=228180"}],"wp:term":[{"taxonomy":"category","embeddable":true,"href":"https:\/\/rnoticias.com.mx\/Portal\/wp-json\/wp\/v2\/categories?post=228180"},{"taxonomy":"post_tag","embeddable":true,"href":"https:\/\/rnoticias.com.mx\/Portal\/wp-json\/wp\/v2\/tags?post=228180"}],"curies":[{"name":"wp","href":"https:\/\/api.w.org\/{rel}","templated":true}]}}