{"id":228171,"date":"2025-08-29T12:12:05","date_gmt":"2025-08-29T19:12:05","guid":{"rendered":"https:\/\/rnoticias.com.mx\/Portal\/?p=228171"},"modified":"2025-08-29T12:12:05","modified_gmt":"2025-08-29T19:12:05","slug":"camioneta-de-natanael-cano-se-incendia-durante-pleno-viaje-del-cantante","status":"publish","type":"post","link":"https:\/\/rnoticias.com.mx\/Portal\/2025\/08\/29\/camioneta-de-natanael-cano-se-incendia-durante-pleno-viaje-del-cantante\/","title":{"rendered":"Camioneta de Natanael Cano se incendia durante pleno viaje del cantante"},"content":{"rendered":"<p><strong>Natanael Cano<\/strong>\u00a0sufri\u00f3 un incidente mientras viajaba cuando su\u00a0<strong>camioneta<\/strong>\u00a0present\u00f3 una falla mec\u00e1nica y comenz\u00f3 a sacar humo antes de\u00a0<strong>incendiarse<\/strong>, de acuerdo con informaci\u00f3n del equipo del cantante.<\/p>\n<p>Luego de que en redes sociales se hicieran virales las\u00a0<strong>fotograf\u00edas<\/strong>\u00a0de c\u00f3mo habr\u00eda quedado la camioneta completamente quemada, el equipo de Natanael Cano,\u00a0<strong>Los Corridos Tumbados<\/strong>, confirmaron el jueves por la tarde que la camioneta s\u00ed era de Natanael y que \u00e9l y parte de su equipo viajaban al interior del veh\u00edculo, cuando comenz\u00f3 a\u00a0<strong>sacar humo<\/strong>.?<\/p>\n<p>Tambi\u00e9n explic\u00f3 en el\u00a0<strong>comunicado<\/strong>\u00a0que Natanael Cano y su equipo\u00a0<strong>lograron salir<\/strong>\u00a0de inmediato y sin lesiones, &#8220;Natanael y su equipo salieron del veh\u00edculo de inmediato y sin incidentes, y poco despu\u00e9s la camioneta se incendi\u00f3. Agradecemos sinceramente a los medios y colegas por su preocupaci\u00f3n y apoyo&#8221;, se lee en el texto.<\/p>\n<p>De acuerdo con reportes locales, el siniestro ocurri\u00f3 alrededor de las 18:00 horas en el fraccionamiento Haciendas Residencial, ubicado al noreste de\u00a0<strong>Hermosillo<\/strong>. Testigos se\u00f1alaron que el veh\u00edculo comenz\u00f3 a arder mientras circulaba por el acceso principal del complejo habitacional.<\/p>\n<div class=\"twitter-tweet twitter-tweet-rendered\"><\/div>\n<p>Fuente: Milenio<\/p>\n","protected":false},"excerpt":{"rendered":"<p>Natanael Cano\u00a0sufri\u00f3 un incidente mientras viajaba cuando su\u00a0camioneta\u00a0present\u00f3 una falla mec\u00e1nica y comenz\u00f3 a sacar humo antes de\u00a0incendiarse, de acuerdo con informaci\u00f3n del equipo del cantante. Luego de que en redes sociales se hicieran virales las\u00a0fotograf\u00edas\u00a0de c\u00f3mo habr\u00eda quedado la camioneta completamente quemada, el equipo de Natanael Cano,\u00a0Los Corridos Tumbados, confirmaron el jueves por la [&hellip;]<\/p>\n","protected":false},"author":2,"featured_media":228172,"comment_status":"closed","ping_status":"closed","sticky":false,"template":"","format":"standard","meta":{"footnotes":""},"categories":[12870,219],"tags":[12865,12875],"class_list":["post-228171","post","type-post","status-publish","format-standard","has-post-thumbnail","hentry","category-destacadas","category-espectaculos","tag-destacadas","tag-espectaculos"],"jetpack_featured_media_url":"https:\/\/rnoticias.com.mx\/Portal\/wp-content\/uploads\/2025\/08\/1-natanael-cano-warner-music.webp","amp_enabled":true,"_links":{"self":[{"href":"https:\/\/rnoticias.com.mx\/Portal\/wp-json\/wp\/v2\/posts\/228171","targetHints":{"allow":["GET"]}}],"collection":[{"href":"https:\/\/rnoticias.com.mx\/Portal\/wp-json\/wp\/v2\/posts"}],"about":[{"href":"https:\/\/rnoticias.com.mx\/Portal\/wp-json\/wp\/v2\/types\/post"}],"author":[{"embeddable":true,"href":"https:\/\/rnoticias.com.mx\/Portal\/wp-json\/wp\/v2\/users\/2"}],"replies":[{"embeddable":true,"href":"https:\/\/rnoticias.com.mx\/Portal\/wp-json\/wp\/v2\/comments?post=228171"}],"version-history":[{"count":1,"href":"https:\/\/rnoticias.com.mx\/Portal\/wp-json\/wp\/v2\/posts\/228171\/revisions"}],"predecessor-version":[{"id":228173,"href":"https:\/\/rnoticias.com.mx\/Portal\/wp-json\/wp\/v2\/posts\/228171\/revisions\/228173"}],"wp:featuredmedia":[{"embeddable":true,"href":"https:\/\/rnoticias.com.mx\/Portal\/wp-json\/wp\/v2\/media\/228172"}],"wp:attachment":[{"href":"https:\/\/rnoticias.com.mx\/Portal\/wp-json\/wp\/v2\/media?parent=228171"}],"wp:term":[{"taxonomy":"category","embeddable":true,"href":"https:\/\/rnoticias.com.mx\/Portal\/wp-json\/wp\/v2\/categories?post=228171"},{"taxonomy":"post_tag","embeddable":true,"href":"https:\/\/rnoticias.com.mx\/Portal\/wp-json\/wp\/v2\/tags?post=228171"}],"curies":[{"name":"wp","href":"https:\/\/api.w.org\/{rel}","templated":true}]}}