{"id":228165,"date":"2025-08-29T08:47:12","date_gmt":"2025-08-29T15:47:12","guid":{"rendered":"https:\/\/rnoticias.com.mx\/Portal\/?p=228165"},"modified":"2025-08-29T08:47:12","modified_gmt":"2025-08-29T15:47:12","slug":"fernando-alonso-y-hamilton-aplauden-regreso-de-checo-y-bottas-a-f1","status":"publish","type":"post","link":"https:\/\/rnoticias.com.mx\/Portal\/2025\/08\/29\/fernando-alonso-y-hamilton-aplauden-regreso-de-checo-y-bottas-a-f1\/","title":{"rendered":"Fernando Alonso y Hamilton aplauden regreso de Checo y Bottas a F1"},"content":{"rendered":"<p>Despu\u00e9s de meses de espera, Cadillac por fin anunci\u00f3 a sus pilotos para 2026:\u00a0<strong>Sergio P\u00e9rez<\/strong>\u00a0y\u00a0<strong>Valtteri Bottas<\/strong>. Ambos cuentan con una gran experiencia en la F\u00f3rmula 1, por eso la escuder\u00eda estadounidense los eligi\u00f3, decisi\u00f3n que fue aplaudida por Fernando Alonso y Lewis Hamilton.<\/p>\n<p>Luego de unas semanas de descanso,\u00a0la F1 regresa con el Gran Premio de los Pa\u00edses Bajos, donde una de las preguntas m\u00e1s repetidas hacia los pilotos del Paddock fue acerca del retorno de &#8220;Checo&#8221; y Bottas a la categor\u00eda para el pr\u00f3ximo a\u00f1o.<\/p>\n<p>Aunque hubo un par que se pronunciaron en contra de esta decisi\u00f3n, otros tantos aplaudieron la vuelta de ambos corredores que buscan impulsar el proyecto de Cadillac.<\/p>\n<p><strong>Fernando Alonso<\/strong>, dos veces campe\u00f3n de la F\u00f3rmula 1, respondi\u00f3 a la pregunt\u00f3 de un reportero que le hizo respecto a su compa\u00f1ero Felipe Drugovich, sobre si \u00e9l merec\u00eda uno de los puestos de Cadillac, a lo que el espa\u00f1ol defendi\u00f3 la elecci\u00f3n de los estadounidenses.<\/p>\n<p>&#8220;Todos somos amigos y nos conocemos, y creo que todos merecen un puesto en la F\u00f3rmula 1. Lo demuestran y tienen talento. Por desgracia, como siempre en la F\u00f3rmula 1 s\u00f3lo hay 22 plazas, as\u00ed que llega el momento en que alguien se queda fuera y quiz\u00e1s merezca una oportunidad&#8221;.<\/p>\n<p>De igual forma,\u00a0Alonso aplaudi\u00f3 el regreso de P\u00e9rez y\u00a0Bottas. &#8220;Me quedo con lo positivo de la noticia. Que Checo y Valtteri tengan una buena noticia para el deporte, es una buena noticia para ellos. Me alegro por ellos&#8221;.<\/p>\n<p>&#8220;Estoy muy feliz por \u00e9l&#8221;<\/p>\n<p>Por su parte,\u00a0<strong>Lewis Hamilton<\/strong>, siete veces campe\u00f3n del mundo, tambi\u00e9n habl\u00f3 sobre el retorno de su excompa\u00f1ero en Mercedes y del mexicano.<\/p>\n<p>&#8220;Creo que han elegido a los tipos adecuados. Obviamente con Sergio tambi\u00e9n, tiene una gran experiencia. As\u00ed que ese conocimiento que ambos aportan de dos grandes equipos, creo, les ayudar\u00e1 a progresar m\u00e1s r\u00e1pido&#8221;, asegur\u00f3 el ingl\u00e9s.<\/p>\n","protected":false},"excerpt":{"rendered":"<p>Despu\u00e9s de meses de espera, Cadillac por fin anunci\u00f3 a sus pilotos para 2026:\u00a0Sergio P\u00e9rez\u00a0y\u00a0Valtteri Bottas. Ambos cuentan con una gran experiencia en la F\u00f3rmula 1, por eso la escuder\u00eda estadounidense los eligi\u00f3, decisi\u00f3n que fue aplaudida por Fernando Alonso y Lewis Hamilton. Luego de unas semanas de descanso,\u00a0la F1 regresa con el Gran Premio [&hellip;]<\/p>\n","protected":false},"author":2,"featured_media":228166,"comment_status":"closed","ping_status":"closed","sticky":false,"template":"","format":"standard","meta":{"footnotes":""},"categories":[188,12870],"tags":[5231,12865],"class_list":["post-228165","post","type-post","status-publish","format-standard","has-post-thumbnail","hentry","category-deportes","category-destacadas","tag-deportes","tag-destacadas"],"jetpack_featured_media_url":"https:\/\/rnoticias.com.mx\/Portal\/wp-content\/uploads\/2025\/08\/checo-perez-fernando-alonso-074358.jpg","amp_enabled":true,"_links":{"self":[{"href":"https:\/\/rnoticias.com.mx\/Portal\/wp-json\/wp\/v2\/posts\/228165","targetHints":{"allow":["GET"]}}],"collection":[{"href":"https:\/\/rnoticias.com.mx\/Portal\/wp-json\/wp\/v2\/posts"}],"about":[{"href":"https:\/\/rnoticias.com.mx\/Portal\/wp-json\/wp\/v2\/types\/post"}],"author":[{"embeddable":true,"href":"https:\/\/rnoticias.com.mx\/Portal\/wp-json\/wp\/v2\/users\/2"}],"replies":[{"embeddable":true,"href":"https:\/\/rnoticias.com.mx\/Portal\/wp-json\/wp\/v2\/comments?post=228165"}],"version-history":[{"count":1,"href":"https:\/\/rnoticias.com.mx\/Portal\/wp-json\/wp\/v2\/posts\/228165\/revisions"}],"predecessor-version":[{"id":228167,"href":"https:\/\/rnoticias.com.mx\/Portal\/wp-json\/wp\/v2\/posts\/228165\/revisions\/228167"}],"wp:featuredmedia":[{"embeddable":true,"href":"https:\/\/rnoticias.com.mx\/Portal\/wp-json\/wp\/v2\/media\/228166"}],"wp:attachment":[{"href":"https:\/\/rnoticias.com.mx\/Portal\/wp-json\/wp\/v2\/media?parent=228165"}],"wp:term":[{"taxonomy":"category","embeddable":true,"href":"https:\/\/rnoticias.com.mx\/Portal\/wp-json\/wp\/v2\/categories?post=228165"},{"taxonomy":"post_tag","embeddable":true,"href":"https:\/\/rnoticias.com.mx\/Portal\/wp-json\/wp\/v2\/tags?post=228165"}],"curies":[{"name":"wp","href":"https:\/\/api.w.org\/{rel}","templated":true}]}}