{"id":228158,"date":"2025-08-29T08:30:00","date_gmt":"2025-08-29T15:30:00","guid":{"rendered":"https:\/\/rnoticias.com.mx\/Portal\/?p=228158"},"modified":"2025-08-29T08:30:00","modified_gmt":"2025-08-29T15:30:00","slug":"cofepris-aprueba-la-vacuna-actualizada-contra-covid-19-de-moderna","status":"publish","type":"post","link":"https:\/\/rnoticias.com.mx\/Portal\/2025\/08\/29\/cofepris-aprueba-la-vacuna-actualizada-contra-covid-19-de-moderna\/","title":{"rendered":"Cofepris aprueba la vacuna actualizada contra COVID-19 de Moderna"},"content":{"rendered":"<p>La\u00a0<strong>Comisi\u00f3n Federal para la Protecci\u00f3n contra Riesgos Sanitarios<\/strong>\u00a0(Cofepris) autoriz\u00f3 este jueves la actualizaci\u00f3n de la\u00a0<strong>vacuna contra covid-19 de Moderna, Inc.<\/strong>, formulada para proteger contra la variante LP.8.1 del SARS-CoV-2, en l\u00ednea con las directrices de la Organizaci\u00f3n Mundial de la Salud (OMS).<\/p>\n<p>Esta nueva\u00a0<strong>formulaci\u00f3n qued\u00f3 aprobada en M\u00e9xico para su aplicaci\u00f3n a partir de los seis meses de edad,<\/strong>\u00a0con el objetivo de reducir el riesgo de complicaciones graves asociadas a la enfermedad.<\/p>\n<p>Por lo anterior,\u00a0<strong>M\u00e9xico se convierte en el primer pa\u00eds de Am\u00e9rica Latina en avalar la vacuna de Moderna dirigida a la variante LP.8.1, lo que marca un hito en la preparaci\u00f3n regional para la pr\u00f3xima temporada invernal de virus respiratorios.<\/strong><\/p>\n<p><strong>Moderna se\u00f1al\u00f3 que est\u00e1 lista para garantizar la disponibilidad de la vacuna durante la campa\u00f1a de vacunaci\u00f3n 2025-2026 en el pa\u00eds.\u00a0<\/strong>La<strong>\u00a0<\/strong>compa\u00f1\u00eda destac\u00f3 que la misma formulaci\u00f3n ya ha recibido aprobaci\u00f3n de la Administraci\u00f3n de Alimentos y Medicamentos de Estados Unidos (FDA) y de la Agencia Europea de Medicamentos (EMA).<\/p>\n<p>La directora de Asuntos M\u00e9dicos de Moderna, Francesca Ceddia,\u00a0 comparti\u00f3 que se<strong>\u00a0&#8216;proteger\u00e1 a las personas con mayor riesgo de sufrir consecuencias graves por la covid-19 es fundamental para la salud p\u00fablica. Estamos orgullosos de ayudar a asegurar que la poblaci\u00f3n mexicana cuente con la protecci\u00f3n m\u00e1s actualizada contra las variantes que circulan en esta temporada de virus respiratorios&#8217;.<\/strong><\/p>\n<p>La autorizaci\u00f3n se sustenta en las recomendaciones de la OMS,\u00a0<strong>que solicit\u00f3 que las vacunas se desarrollen con base en el linaje monovalente JN.1, dando preferencia a la variante LP.8.1.<\/strong><\/p>\n<p>Fuente: Milenio<\/p>\n","protected":false},"excerpt":{"rendered":"<p>La\u00a0Comisi\u00f3n Federal para la Protecci\u00f3n contra Riesgos Sanitarios\u00a0(Cofepris) autoriz\u00f3 este jueves la actualizaci\u00f3n de la\u00a0vacuna contra covid-19 de Moderna, Inc., formulada para proteger contra la variante LP.8.1 del SARS-CoV-2, en l\u00ednea con las directrices de la Organizaci\u00f3n Mundial de la Salud (OMS). Esta nueva\u00a0formulaci\u00f3n qued\u00f3 aprobada en M\u00e9xico para su aplicaci\u00f3n a partir de los [&hellip;]<\/p>\n","protected":false},"author":2,"featured_media":228159,"comment_status":"closed","ping_status":"closed","sticky":false,"template":"","format":"standard","meta":{"footnotes":""},"categories":[12870,172],"tags":[12865,12874],"class_list":["post-228158","post","type-post","status-publish","format-standard","has-post-thumbnail","hentry","category-destacadas","category-nacional","tag-destacadas","tag-nacional"],"jetpack_featured_media_url":"https:\/\/rnoticias.com.mx\/Portal\/wp-content\/uploads\/2025\/08\/lo-que-debes-saber-vacunas-que-se-venden-mexico.webp","amp_enabled":true,"_links":{"self":[{"href":"https:\/\/rnoticias.com.mx\/Portal\/wp-json\/wp\/v2\/posts\/228158","targetHints":{"allow":["GET"]}}],"collection":[{"href":"https:\/\/rnoticias.com.mx\/Portal\/wp-json\/wp\/v2\/posts"}],"about":[{"href":"https:\/\/rnoticias.com.mx\/Portal\/wp-json\/wp\/v2\/types\/post"}],"author":[{"embeddable":true,"href":"https:\/\/rnoticias.com.mx\/Portal\/wp-json\/wp\/v2\/users\/2"}],"replies":[{"embeddable":true,"href":"https:\/\/rnoticias.com.mx\/Portal\/wp-json\/wp\/v2\/comments?post=228158"}],"version-history":[{"count":1,"href":"https:\/\/rnoticias.com.mx\/Portal\/wp-json\/wp\/v2\/posts\/228158\/revisions"}],"predecessor-version":[{"id":228160,"href":"https:\/\/rnoticias.com.mx\/Portal\/wp-json\/wp\/v2\/posts\/228158\/revisions\/228160"}],"wp:featuredmedia":[{"embeddable":true,"href":"https:\/\/rnoticias.com.mx\/Portal\/wp-json\/wp\/v2\/media\/228159"}],"wp:attachment":[{"href":"https:\/\/rnoticias.com.mx\/Portal\/wp-json\/wp\/v2\/media?parent=228158"}],"wp:term":[{"taxonomy":"category","embeddable":true,"href":"https:\/\/rnoticias.com.mx\/Portal\/wp-json\/wp\/v2\/categories?post=228158"},{"taxonomy":"post_tag","embeddable":true,"href":"https:\/\/rnoticias.com.mx\/Portal\/wp-json\/wp\/v2\/tags?post=228158"}],"curies":[{"name":"wp","href":"https:\/\/api.w.org\/{rel}","templated":true}]}}