{"id":228155,"date":"2025-08-29T08:28:50","date_gmt":"2025-08-29T15:28:50","guid":{"rendered":"https:\/\/rnoticias.com.mx\/Portal\/?p=228155"},"modified":"2025-08-29T08:28:50","modified_gmt":"2025-08-29T15:28:50","slug":"aprueba-ine-lineamientos-para-credencializar-a-personas-privadas-de-la-libertad","status":"publish","type":"post","link":"https:\/\/rnoticias.com.mx\/Portal\/2025\/08\/29\/aprueba-ine-lineamientos-para-credencializar-a-personas-privadas-de-la-libertad\/","title":{"rendered":"Aprueba INE Lineamientos para credencializar a personas privadas de la libertad"},"content":{"rendered":"<p class=\"x_MsoNormal\"><span data-olk-copy-source=\"MessageBody\">El Consejo General del Instituto Nacional Electoral (INE) aprob\u00f3 por unanimidad los \u201cLineamientos para la credencializaci\u00f3n de personas privadas de la libertad\u201d.<\/span><\/p>\n<p class=\"x_MsoNormal\">\n<p class=\"x_MsoNormal\">En sesi\u00f3n extraordinaria, el Consejero y presidente de la Comisi\u00f3n del Registro Federal de Electores, Arturo Castillo Loza, subray\u00f3 que \u201ccredencializar a las personas privadas de la libertad es fundamental no s\u00f3lo para que puedan ejercer sus derechos a la identidad y al voto, sino tambi\u00e9n para contribuir en su proceso de reinserci\u00f3n social\u201d.<\/p>\n<p class=\"x_MsoNormal\">\n<p class=\"x_MsoNormal\">Se\u00f1al\u00f3 que cuando las personas salen de prisi\u00f3n sin una identificaci\u00f3n, se encuentran imposibilitadas para realizar cualquier actividad oficial, lo que \u201cincrementa su estado de vulnerabilidad y es un factor de riesgo para la reincidencia\u201d.<\/p>\n<p class=\"x_MsoNormal\">\n<p class=\"x_MsoNormal\">El Consejero Castillo precis\u00f3 que la entrega de la credencial ser\u00e1 de manera directa y personal al titular. Sin embargo, dadas las condiciones particulares de esta poblaci\u00f3n, se prev\u00e9 que una vez entregada, la persona titular podr\u00e1 solicitar al INE su resguardo por hasta 10 a\u00f1os, es decir, por el tiempo de la vigencia de la credencial.<\/p>\n<p class=\"x_MsoNormal\">\n<p class=\"x_MsoNormal\">En el ordenamiento avalado, se establecen los procedimientos y requisitos aplicables para la captaci\u00f3n de los tr\u00e1mites registrales que soliciten, por voluntad propia, las personas de nacionalidad mexicana que se encuentran en prisi\u00f3n preventiva, as\u00ed como aquellas con sentencia condenatoria.<\/p>\n<p class=\"x_MsoNormal\">\n<p class=\"x_MsoNormal\">Para facilitar el proceso, las personas privadas de la libertad podr\u00e1n designar a una persona de su confianza, quien actuar\u00e1 como \u201cEnlace\u201d de contacto ante el INE, para gestionar el tr\u00e1mite.<\/p>\n<p class=\"x_MsoNormal\">\n<p class=\"x_MsoNormal\"><b>Para personas en prisi\u00f3n preventiva<\/b>; la Credencial para Votar podr\u00e1 ser utilizada para el ejercicio de sus derechos pol\u00edtico-electorales y como identificaci\u00f3n. En consecuencia, sus registros se mantendr\u00e1n en la base de datos del Padr\u00f3n Electoral y la Lista Nominal.<\/p>\n<p class=\"x_MsoNormal\"><b>\u00a0<\/b><\/p>\n<p class=\"x_MsoNormal\"><b>Para personas que se encuentran cumpliendo una sentencia<\/b>; la Credencial podr\u00e1 ser usada s\u00f3lo como identificaci\u00f3n y sus datos se mantendr\u00e1n en la base de datos del Padr\u00f3n Electoral, con el estatus de \u201csuspendida(o) en sus derechos pol\u00edtico-electorales\u201d.<\/p>\n<p class=\"x_MsoNormal\">\n<p class=\"x_MsoNormal\"><b><i>Procedimiento y requisitos<\/i><\/b><\/p>\n<p class=\"x_MsoNormal\"><b><i>\u00a0<\/i><\/b><\/p>\n<p class=\"x_MsoNormal\">Las solicitudes podr\u00e1n ser gestionadas por personas que se encuentran localizadas en aquellos Centros Penitenciarios que cuenten con un convenio de colaboraci\u00f3n vigente formalizado con el INE, el cual deber\u00e1 contener, entre otros aspectos: las medidas y protocolos de seguridad aplicables, las acciones espec\u00edficas que corresponder\u00e1n a cada una de las partes y los mecanismos de coordinaci\u00f3n, seguimiento y evaluaci\u00f3n de este procedimiento.<\/p>\n<p class=\"x_MsoNormal\">Las personas interesadas deber\u00e1n presentar, en original, los siguientes documentos:<\/p>\n<p class=\"x_MsoNormal\">\n<ul type=\"disc\">\n<li class=\"x_MsoNormal\">Comprobante de nacionalidad mexicana (acta de nacimiento o carta de naturalizaci\u00f3n).<\/li>\n<li class=\"x_MsoNormal\">Comprobante de domicilio (podr\u00e1 optar por registrar la direcci\u00f3n del Centro Penitenciario, la entidad federativa y municipio de nacimiento o en caso de contar con un registro previo, podr\u00e1 solicitar que se mantenga el domicilio registrado).<\/li>\n<li class=\"x_MsoNormal\">Identificaci\u00f3n con fotograf\u00eda.<\/li>\n<li class=\"x_MsoNormal\">Formato de solicitud de expedici\u00f3n de credencial y, en su caso, manifestaci\u00f3n de \u201cEnlace\u201d.<\/li>\n<\/ul>\n<p class=\"x_MsoNormal\">\n<p class=\"x_MsoNormal\">Adicionalmente, el Consejero Castillo destac\u00f3 que este instrumento cuenta con un apartado de confidencialidad y datos personales e indic\u00f3 que es un marco general que se adaptar\u00e1 en cada uno de los convenios que el INE suscriba con los distintos sistemas penitenciarios del pa\u00eds.<\/p>\n<p class=\"x_MsoNormal\">\n<p class=\"x_MsoNormal\">Para concluir, agradeci\u00f3 la colaboraci\u00f3n de la sociedad civil, el \u00d3rgano Administrativo Desconcentrado de Prevenci\u00f3n y Reinserci\u00f3n Social y la Conferencia Nacional del Sistema Penitenciario, en la construcci\u00f3n de este instrumento y reiter\u00f3 que estos lineamientos representan un paso importante que da el INE para que las personas privadas de la libertad participen en la vida p\u00fablica del pa\u00eds y cuenten con un elemento \u00fatil para su reinserci\u00f3n.<\/p>\n<p class=\"x_MsoNormal\">\n<p class=\"x_MsoNormal\"><b><i>Avalan ascenso del personal del SPEN<\/i><\/b><\/p>\n<p class=\"x_MsoNormal\"><b><i>\u00a0<\/i><\/b><\/p>\n<p class=\"x_MsoNormal\">Al continuar con el desarrollo de la sesi\u00f3n, consejeras y consejeros aprobaron el ascenso del personal del Servicio Profesional Electoral Nacional (SPEN) del sistema del INE que result\u00f3 ganador de la Invitaci\u00f3n al Primer Certamen Interno de Ascenso 2025, para la ocupaci\u00f3n de cargos vacantes de Vocal\u00eda Ejecutiva en Junta Distrital Ejecutiva.<\/p>\n<p class=\"x_MsoNormal\">\n<p class=\"x_MsoNormal\">Enseguida, declararon la procedencia constitucional y legal del cambio de denominaci\u00f3n como Agrupaci\u00f3n Pol\u00edtica Nacional de \u201cM\u00e9xico Blanco\u201d a \u201cLibres\u201d, su emblema y lema, as\u00ed como las modificaciones a su Declaraci\u00f3n de Principios, Programa de Acci\u00f3n y Estatutos.<\/p>\n<p class=\"x_MsoNormal\">\n<p class=\"x_MsoNormal\">Finalmente, dieron por recibido el Informe previo de Resultados de la Gesti\u00f3n del \u00d3rgano Interno de Control del Instituto Nacional Electoral del ejercicio 2025.<\/p>\n","protected":false},"excerpt":{"rendered":"<p>El Consejo General del Instituto Nacional Electoral (INE) aprob\u00f3 por unanimidad los \u201cLineamientos para la credencializaci\u00f3n de personas privadas de la libertad\u201d. En sesi\u00f3n extraordinaria, el Consejero y presidente de la Comisi\u00f3n del Registro Federal de Electores, Arturo Castillo Loza, subray\u00f3 que \u201ccredencializar a las personas privadas de la libertad es fundamental no s\u00f3lo para [&hellip;]<\/p>\n","protected":false},"author":2,"featured_media":228156,"comment_status":"closed","ping_status":"closed","sticky":false,"template":"","format":"standard","meta":{"footnotes":""},"categories":[12870,12868],"tags":[12865,12879],"class_list":["post-228155","post","type-post","status-publish","format-standard","has-post-thumbnail","hentry","category-destacadas","category-politica","tag-destacadas","tag-politica"],"jetpack_featured_media_url":"https:\/\/rnoticias.com.mx\/Portal\/wp-content\/uploads\/2025\/08\/aprueba-el-ine-lineamientos-para-credencializar-a-personas-privadas-de-la-libertad-17564803760.jpg","amp_enabled":true,"_links":{"self":[{"href":"https:\/\/rnoticias.com.mx\/Portal\/wp-json\/wp\/v2\/posts\/228155","targetHints":{"allow":["GET"]}}],"collection":[{"href":"https:\/\/rnoticias.com.mx\/Portal\/wp-json\/wp\/v2\/posts"}],"about":[{"href":"https:\/\/rnoticias.com.mx\/Portal\/wp-json\/wp\/v2\/types\/post"}],"author":[{"embeddable":true,"href":"https:\/\/rnoticias.com.mx\/Portal\/wp-json\/wp\/v2\/users\/2"}],"replies":[{"embeddable":true,"href":"https:\/\/rnoticias.com.mx\/Portal\/wp-json\/wp\/v2\/comments?post=228155"}],"version-history":[{"count":1,"href":"https:\/\/rnoticias.com.mx\/Portal\/wp-json\/wp\/v2\/posts\/228155\/revisions"}],"predecessor-version":[{"id":228157,"href":"https:\/\/rnoticias.com.mx\/Portal\/wp-json\/wp\/v2\/posts\/228155\/revisions\/228157"}],"wp:featuredmedia":[{"embeddable":true,"href":"https:\/\/rnoticias.com.mx\/Portal\/wp-json\/wp\/v2\/media\/228156"}],"wp:attachment":[{"href":"https:\/\/rnoticias.com.mx\/Portal\/wp-json\/wp\/v2\/media?parent=228155"}],"wp:term":[{"taxonomy":"category","embeddable":true,"href":"https:\/\/rnoticias.com.mx\/Portal\/wp-json\/wp\/v2\/categories?post=228155"},{"taxonomy":"post_tag","embeddable":true,"href":"https:\/\/rnoticias.com.mx\/Portal\/wp-json\/wp\/v2\/tags?post=228155"}],"curies":[{"name":"wp","href":"https:\/\/api.w.org\/{rel}","templated":true}]}}