{"id":228149,"date":"2025-08-29T08:26:30","date_gmt":"2025-08-29T15:26:30","guid":{"rendered":"https:\/\/rnoticias.com.mx\/Portal\/?p=228149"},"modified":"2025-08-29T08:26:30","modified_gmt":"2025-08-29T15:26:30","slug":"avala-ine-rotacion-en-presidencias-de-comisiones-permanentes-y-temporales","status":"publish","type":"post","link":"https:\/\/rnoticias.com.mx\/Portal\/2025\/08\/29\/avala-ine-rotacion-en-presidencias-de-comisiones-permanentes-y-temporales\/","title":{"rendered":"Avala INE rotaci\u00f3n en presidencias de comisiones permanentes y temporales"},"content":{"rendered":"<p class=\"x_MsoNormal\"><span data-olk-copy-source=\"MessageBody\">El Consejo General del Instituto Nacional Electoral (INE) aprob\u00f3 la rotaci\u00f3n de consejer\u00edas en las presidencias de las comisiones permanentes y temporales, as\u00ed como de otros \u00f3rganos, lo que permitir\u00e1 dar continuidad y funcionalidad a las actividades institucionales.<\/span><\/p>\n<p class=\"x_MsoNormal\">\n<p class=\"x_MsoNormal\">Las presidencias e integraci\u00f3n de estos grupos colegiados para el periodo de septiembre de 2025 a septiembre de 2026, ser\u00e1 la siguiente:<b><\/b><\/p>\n<p class=\"x_MsoNormal\"><b>\u00a0<\/b><\/p>\n<div align=\"center\">\n<table class=\"x_MsoNormalTable\" border=\"0\" width=\"612\" cellspacing=\"0\" cellpadding=\"0\">\n<tbody>\n<tr>\n<td colspan=\"4\" width=\"612\">\n<p class=\"x_MsoNormal\" align=\"center\"><b>Comisiones, Comit\u00e9s y Grupos de Trabajo Permanentes<\/b><\/p>\n<\/td>\n<\/tr>\n<tr>\n<td width=\"129\">\n<p class=\"x_MsoNormal\"><b>Nombre<\/b><\/p>\n<\/td>\n<td width=\"114\">\n<p class=\"x_MsoNormal\" align=\"center\"><b>Presidencia<\/b><\/p>\n<\/td>\n<td width=\"178\">\n<p class=\"x_MsoNormal\" align=\"center\"><b>Integrantes<\/b><\/p>\n<\/td>\n<td width=\"190\">\n<p class=\"x_MsoNormal\" align=\"center\"><b>Secretar\u00eda T\u00e9cnica<\/b><\/p>\n<\/td>\n<\/tr>\n<tr>\n<td width=\"129\">\n<p class=\"x_MsoNormal\" align=\"center\"><b>Comisi\u00f3n de Capacitaci\u00f3n Electoral y Educaci\u00f3n C\u00edvica<\/b><\/p>\n<\/td>\n<td width=\"114\">\n<p class=\"x_MsoNormal\" align=\"center\">Uuc-kib Espadas Ancona<\/p>\n<\/td>\n<td width=\"178\">\n<p class=\"x_MsoNormal\" align=\"center\">Carla Astrid Humphrey Jordan, Beatriz Claudia Zavala P\u00e9rez, Jaime Rivera Vel\u00e1zquez y Norma Irene De La Cruz Maga\u00f1a<\/p>\n<\/td>\n<td width=\"190\">\n<p class=\"x_MsoNormal\" align=\"center\">Iliana Araceli Hern\u00e1ndez G\u00f3mez<\/p>\n<p class=\"x_MsoNormal\" align=\"center\">\n<p class=\"x_MsoNormal\" align=\"center\">Encargada de despacho de la Direcci\u00f3n Ejecutiva de Capacitaci\u00f3n Electoral y Educaci\u00f3n C\u00edvica<\/p>\n<\/td>\n<\/tr>\n<tr>\n<td width=\"129\">\n<p class=\"x_MsoNormal\" align=\"center\"><b>Comisi\u00f3n de Organizaci\u00f3n Electoral<\/b><\/p>\n<\/td>\n<td width=\"114\">\n<p class=\"x_MsoNormal\" align=\"center\"><span lang=\"PT\">Jos\u00e9 Mart\u00edn Fernando Faz Mora<\/span><\/p>\n<\/td>\n<td width=\"178\">\n<p class=\"x_MsoNormal\" align=\"center\">Dania Paola Ravel Cuevas y Jaime Rivera Vel\u00e1zquez<\/p>\n<\/td>\n<td width=\"190\">\n<p class=\"x_MsoNormal\" align=\"center\">Roberto Carlos F\u00e9lix L\u00f3pez<\/p>\n<p class=\"x_MsoNormal\" align=\"center\">\n<p class=\"x_MsoNormal\" align=\"center\">Encargado de despacho de la Direcci\u00f3n Ejecutiva de Organizaci\u00f3n Electoral<\/p>\n<\/td>\n<\/tr>\n<tr>\n<td width=\"129\">\n<p class=\"x_MsoNormal\" align=\"center\"><b>Comisi\u00f3n de Prerrogativas y Partidos Pol\u00edticos y Comit\u00e9 de Radio y Televisi\u00f3n<\/b><\/p>\n<\/td>\n<td width=\"114\">\n<p class=\"x_MsoNormal\" align=\"center\">Norma Irene De La Cruz Maga\u00f1a<\/p>\n<\/td>\n<td width=\"178\">\n<p class=\"x_MsoNormal\" align=\"center\">Dania Paola Ravel Cuevas, Carla Astrid Humphrey Jordan, Uuc-kib Espadas Ancona y Arturo Castillo Loza<\/p>\n<\/td>\n<td width=\"190\">\n<p class=\"x_MsoNormal\" align=\"center\">Guadalupe Yessica Alarc\u00f3n G\u00f3ngora<\/p>\n<p class=\"x_MsoNormal\" align=\"center\">\n<p class=\"x_MsoNormal\" align=\"center\">Encargada de despacho de la Direcci\u00f3n Ejecutiva de Prerrogativas y Partidos Pol\u00edticos<\/p>\n<\/td>\n<\/tr>\n<tr>\n<td width=\"129\">\n<p class=\"x_MsoNormal\" align=\"center\"><b>Comisi\u00f3n del Servicio Profesional Electoral Nacional<\/b><\/p>\n<\/td>\n<td width=\"114\">\n<p class=\"x_MsoNormal\" align=\"center\">Beatriz Claudia Zavala P\u00e9rez<\/p>\n<\/td>\n<td width=\"178\">\n<p class=\"x_MsoNormal\" align=\"center\">Uuc-Kib Espadas Ancona, Rita Bell L\u00f3pez Vences y Jos\u00e9 Mart\u00edn Fernando Faz Mora<\/p>\n<\/td>\n<td width=\"190\">\n<p class=\"x_MsoNormal\" align=\"center\">Jorge Egren Moreno Troncoso<\/p>\n<p class=\"x_MsoNormal\" align=\"center\">Encargado de despacho de la Direcci\u00f3n Ejecutiva del Servicio Profesional Electoral Nacional<\/p>\n<\/td>\n<\/tr>\n<tr>\n<td width=\"129\">\n<p class=\"x_MsoNormal\" align=\"center\"><b>Comisi\u00f3n del Registro Federal de Electores<\/b><\/p>\n<\/td>\n<td width=\"114\">\n<p class=\"x_MsoNormal\" align=\"center\">Carla Astrid Humphrey Jordan<\/p>\n<\/td>\n<td width=\"178\">\n<p class=\"x_MsoNormal\" align=\"center\">Norma Irene De La Cruz Maga\u00f1a, Arturo Castillo Loza, Jaime Rivera Vel\u00e1zquez y Jorge Monta\u00f1o Ventura<\/p>\n<\/td>\n<td width=\"190\">\n<p class=\"x_MsoNormal\" align=\"center\">Alejandro Sosa Dur\u00e1n<\/p>\n<p class=\"x_MsoNormal\" align=\"center\">Titular de la Direcci\u00f3n Ejecutiva del Registro Federal de Electores<\/p>\n<\/td>\n<\/tr>\n<tr>\n<td width=\"129\">\n<p class=\"x_MsoNormal\" align=\"center\"><b>Comisi\u00f3n de Igualdad de G\u00e9nero y No Discriminaci\u00f3n<\/b><\/p>\n<\/td>\n<td width=\"114\">\n<p class=\"x_MsoNormal\" align=\"center\">Rita Bell L\u00f3pez Vences<\/p>\n<\/td>\n<td width=\"178\">\n<p class=\"x_MsoNormal\" align=\"center\">Beatriz Claudia Zavala P\u00e9rez, Arturo Castillo Loza y Jorge Monta\u00f1o Ventura<\/p>\n<\/td>\n<td width=\"190\">\n<p class=\"x_MsoNormal\" align=\"center\">Flor Dessir\u00e9 Le\u00f3n Hern\u00e1ndez<\/p>\n<p class=\"x_MsoNormal\" align=\"center\">Titular de la Unidad T\u00e9cnica de Igualdad de G\u00e9nero y No Discriminaci\u00f3n<\/p>\n<\/td>\n<\/tr>\n<tr>\n<td width=\"129\">\n<p class=\"x_MsoNormal\" align=\"center\"><b>Comisi\u00f3n de Quejas y Denuncias<\/b><\/p>\n<\/td>\n<td width=\"114\">\n<p class=\"x_MsoNormal\" align=\"center\">Arturo Castillo Loza<\/p>\n<\/td>\n<td width=\"178\">\n<p class=\"x_MsoNormal\" align=\"center\">Beatriz Claudia Zavala P\u00e9rez y Rita Bell L\u00f3pez Vences<\/p>\n<p class=\"x_MsoNormal\" align=\"center\"><b>Orden de prelaci\u00f3n suplentes:<\/b>\u00a0Norma Irene De La Cruz Maga\u00f1a; Uuc-kib Espadas Ancona; Jos\u00e9 Mart\u00edn Fernando Faz Mora; Carla Astrid Humphrey Jordan; Jorge Monta\u00f1o Ventura; Dania Paola Ravel Cuevas y Jaime Rivera Vel\u00e1zquez<\/p>\n<\/td>\n<td width=\"190\">\n<p class=\"x_MsoNormal\" align=\"center\">Mario Vel\u00e1zquez Miranda<\/p>\n<p class=\"x_MsoNormal\" align=\"center\">Encargado de despacho de la Unidad T\u00e9cnica de lo Contencioso Electoral<\/p>\n<\/td>\n<\/tr>\n<tr>\n<td width=\"129\">\n<p class=\"x_MsoNormal\" align=\"center\"><b>Comisi\u00f3n de Fiscalizaci\u00f3n<\/b><\/p>\n<\/td>\n<td width=\"114\">\n<p class=\"x_MsoNormal\" align=\"center\">Jaime Rivera Vel\u00e1zquez<\/p>\n<\/td>\n<td width=\"178\">\n<p class=\"x_MsoNormal\" align=\"center\">Uuc-kib Espadas Ancona, Carla Astrid Humphrey Jordan, Jorge Monta\u00f1o Ventura y Dania Paola Ravel Cuevas<\/p>\n<\/td>\n<td width=\"190\">\n<p class=\"x_MsoNormal\" align=\"center\">Isaac David Ram\u00edrez Bernal<\/p>\n<p class=\"x_MsoNormal\" align=\"center\">\n<p class=\"x_MsoNormal\" align=\"center\">Encargado de despacho de la Unidad T\u00e9cnica de Fiscalizaci\u00f3n<\/p>\n<\/td>\n<\/tr>\n<tr>\n<td width=\"129\">\n<p class=\"x_MsoNormal\" align=\"center\"><b>Comisi\u00f3n de Vinculaci\u00f3n con Organismos P\u00fablicos Locales<\/b><\/p>\n<\/td>\n<td width=\"114\">\n<p class=\"x_MsoNormal\" align=\"center\">Jorge Monta\u00f1o Ventura<\/p>\n<\/td>\n<td width=\"178\">\n<p class=\"x_MsoNormal\" align=\"center\">Jos\u00e9 Mart\u00edn Fernando Faz Mora, Norma Irene De La Cruz Maga\u00f1a y Dania Paola Ravel Cuevas<\/p>\n<\/td>\n<td width=\"190\">\n<p class=\"x_MsoNormal\" align=\"center\">Pedro Pablo Chirinos Ben\u00edtez<\/p>\n<p class=\"x_MsoNormal\" align=\"center\">Encargado de despacho de la Unidad T\u00e9cnica de Vinculaci\u00f3n con Organismos P\u00fablicos Locales<\/p>\n<\/td>\n<\/tr>\n<tr>\n<td width=\"129\">\n<p class=\"x_MsoNormal\" align=\"center\"><b>Comisi\u00f3n de Transparencia, Acceso a la Informaci\u00f3n y Protecci\u00f3n de Datos Personales<\/b><\/p>\n<\/td>\n<td width=\"114\">\n<p class=\"x_MsoNormal\" align=\"center\">Arturo Castillo Loza<\/p>\n<\/td>\n<td width=\"178\">\n<p class=\"x_MsoNormal\" align=\"center\">Jos\u00e9 Mart\u00edn Fernando Faz Mora, Dania Paola Ravel Cuevas, Norma Irene De La Cruz Maga\u00f1a y Rita Bell L\u00f3pez Vences<\/p>\n<\/td>\n<td width=\"190\">\n<p class=\"x_MsoNormal\" align=\"center\">Jos\u00e9 Luis Ar\u00e9valo Romo<\/p>\n<p class=\"x_MsoNormal\" align=\"center\">\n<p class=\"x_MsoNormal\" align=\"center\">Titular de la Unidad T\u00e9cnica de Transparencia y Protecci\u00f3n de Datos Personales<\/p>\n<\/td>\n<\/tr>\n<tr>\n<td width=\"129\">\n<p class=\"x_MsoNormal\" align=\"center\"><b>Comit\u00e9 Editorial<\/b><\/p>\n<\/td>\n<td width=\"114\">\n<p class=\"x_MsoNormal\" align=\"center\">Uuc-kib Espadas Ancona<\/p>\n<\/td>\n<td width=\"178\">\n<p class=\"x_MsoNormal\" align=\"center\">Norma Irene De la Cruz Maga\u00f1a<\/p>\n<\/td>\n<td width=\"190\">\n<p class=\"x_MsoNormal\" align=\"center\">\n<p class=\"x_MsoNormal\" align=\"center\">Iliana Araceli Hern\u00e1ndez G\u00f3mez<\/p>\n<p class=\"x_MsoNormal\" align=\"center\">\n<p class=\"x_MsoNormal\" align=\"center\">Encargada de despacho de la Direcci\u00f3n Ejecutiva de Capacitaci\u00f3n Electoral y Educaci\u00f3n C\u00edvica<\/p>\n<\/td>\n<\/tr>\n<\/tbody>\n<\/table>\n<\/div>\n<p class=\"x_MsoNormal\">\n<p class=\"x_MsoNormal\">La duraci\u00f3n de las presidencias de las comisiones mencionadas ser\u00e1 hasta la primera semana del mes de septiembre de 2026, cuando deber\u00e1n ser rotadas entre sus integrantes.<\/p>\n<p class=\"x_MsoNormal\">\n<p class=\"x_MsoNormal\">Asimismo, el pleno aval\u00f3 la creaci\u00f3n de las comisiones temporales para el Seguimiento de los Procesos Electorales Locales 2025-2026 y del Voto de las y los Mexicanos Residentes en el Extranjero, en los siguientes t\u00e9rminos:<\/p>\n<p class=\"x_MsoNormal\">\n<p class=\"x_MsoNormal\" aria-hidden=\"true\">\n<table class=\"x_MsoNormalTable\" border=\"0\" width=\"622\" cellspacing=\"0\" cellpadding=\"0\" align=\"left\">\n<tbody>\n<tr>\n<td colspan=\"7\" width=\"622\"><br clear=\"all\" \/><\/p>\n<p class=\"x_MsoNormal\" align=\"center\"><b>Comisiones\u00a0 Temporales<\/b><\/p>\n<\/td>\n<\/tr>\n<tr>\n<td width=\"130\">\n<p class=\"x_MsoNormal\"><b>Nombre<\/b><\/p>\n<\/td>\n<td colspan=\"2\" width=\"115\">\n<p class=\"x_MsoNormal\" align=\"center\"><b>Presidencia<\/b><\/p>\n<\/td>\n<td colspan=\"2\" width=\"179\">\n<p class=\"x_MsoNormal\" align=\"center\"><b>Integrantes<\/b><\/p>\n<\/td>\n<td colspan=\"2\" width=\"197\">\n<p class=\"x_MsoNormal\" align=\"center\"><b>Secretar\u00eda T\u00e9cnica<\/b><\/p>\n<\/td>\n<\/tr>\n<tr>\n<td colspan=\"2\" width=\"131\">\n<p class=\"x_MsoNormal\" align=\"center\"><b>Comisi\u00f3n Temporal para el Seguimiento de los Procesos Electorales Locales 2025-2026<\/b><\/p>\n<\/td>\n<td colspan=\"2\" width=\"116\">\n<p class=\"x_MsoNormal\" align=\"center\">Dania Paola Ravel Cuevas<\/p>\n<\/td>\n<td colspan=\"2\" width=\"181\">\n<p class=\"x_MsoNormal\" align=\"center\">Rita Bell L\u00f3pez Vences, Jorge Monta\u00f1o Ventura, Norma Irene De La Cruz Maga\u00f1a y Carla Astrid Humphrey Jordan<\/p>\n<\/td>\n<td width=\"193\">\n<p class=\"x_MsoNormal\" align=\"center\">Roberto Carlos F\u00e9lix L\u00f3pez<\/p>\n<p class=\"x_MsoNormal\" align=\"center\">\n<p class=\"x_MsoNormal\" align=\"center\">Titular de la Direcci\u00f3n Ejecutiva de Organizaci\u00f3n Electoral<\/p>\n<\/td>\n<\/tr>\n<tr>\n<td colspan=\"2\" width=\"131\">\n<p class=\"x_MsoNormal\" align=\"center\"><b>Comisi\u00f3n Temporal del Voto de las y los Mexicanos Residentes en el Extranjero<\/b><\/p>\n<\/td>\n<td colspan=\"2\" width=\"116\">\n<p class=\"x_MsoNormal\" align=\"center\">Jorge Monta\u00f1o Ventura<\/p>\n<\/td>\n<td colspan=\"2\" width=\"181\">\n<p class=\"x_MsoNormal\" align=\"center\">Uuc-kib Espadas Ancona, Norma Irene De La Cruz Maga\u00f1a, Beatriz Claudia Zavala P\u00e9rez y Carla Astrid Humphrey Jordan<\/p>\n<\/td>\n<td width=\"193\">\n<p class=\"x_MsoNormal\" align=\"center\">Alejandro Sosa Dur\u00e1n<\/p>\n<p class=\"x_MsoNormal\" align=\"center\">\n<p class=\"x_MsoNormal\" align=\"center\">Titular de la Direcci\u00f3n Ejecutiva del Registro Federal de Electores<\/p>\n<\/td>\n<\/tr>\n<tr>\n<td width=\"130\"><\/td>\n<td width=\"1\"><\/td>\n<td width=\"114\"><\/td>\n<td width=\"2\"><\/td>\n<td width=\"177\"><\/td>\n<td width=\"4\"><\/td>\n<td width=\"193\"><\/td>\n<\/tr>\n<\/tbody>\n<\/table>\n<p class=\"x_MsoNormal\"><b>\u00a0<\/b><\/p>\n<p class=\"x_MsoNormal\"><a id=\"LPlnk483624\" name=\"x__Hlk192875354\"><\/a><b>\u00a0<\/b><\/p>\n<p class=\"x_MsoNormal\">\n<p class=\"x_MsoNormal\">\n<p class=\"x_MsoNormal\">\n<p class=\"x_MsoNormal\">\n<p class=\"x_MsoNormal\">\n<p class=\"x_MsoNormal\">\n<p class=\"x_MsoNormal\">\n<p class=\"x_MsoNormal\">\n<p class=\"x_MsoNormal\">\n<p class=\"x_MsoNormal\" aria-hidden=\"true\">\n<p class=\"x_MsoNormal\" aria-hidden=\"true\">\n<p class=\"x_MsoNormal\" aria-hidden=\"true\">\n<p class=\"x_MsoNormal\" aria-hidden=\"true\">\n<p class=\"x_MsoNormal\" aria-hidden=\"true\">\n<p class=\"x_MsoNormal\" aria-hidden=\"true\">\n<p class=\"x_MsoNormal\" aria-hidden=\"true\">\n","protected":false},"excerpt":{"rendered":"<p>El Consejo General del Instituto Nacional Electoral (INE) aprob\u00f3 la rotaci\u00f3n de consejer\u00edas en las presidencias de las comisiones permanentes y temporales, as\u00ed como de otros \u00f3rganos, lo que permitir\u00e1 dar continuidad y funcionalidad a las actividades institucionales. Las presidencias e integraci\u00f3n de estos grupos colegiados para el periodo de septiembre de 2025 a septiembre [&hellip;]<\/p>\n","protected":false},"author":2,"featured_media":228150,"comment_status":"closed","ping_status":"closed","sticky":false,"template":"","format":"standard","meta":{"footnotes":""},"categories":[12870,12868],"tags":[12865,12879],"class_list":["post-228149","post","type-post","status-publish","format-standard","has-post-thumbnail","hentry","category-destacadas","category-politica","tag-destacadas","tag-politica"],"jetpack_featured_media_url":"https:\/\/rnoticias.com.mx\/Portal\/wp-content\/uploads\/2025\/08\/Magistraturas-con-consejerias-del-INE-1024x682-1.jpeg","amp_enabled":true,"_links":{"self":[{"href":"https:\/\/rnoticias.com.mx\/Portal\/wp-json\/wp\/v2\/posts\/228149","targetHints":{"allow":["GET"]}}],"collection":[{"href":"https:\/\/rnoticias.com.mx\/Portal\/wp-json\/wp\/v2\/posts"}],"about":[{"href":"https:\/\/rnoticias.com.mx\/Portal\/wp-json\/wp\/v2\/types\/post"}],"author":[{"embeddable":true,"href":"https:\/\/rnoticias.com.mx\/Portal\/wp-json\/wp\/v2\/users\/2"}],"replies":[{"embeddable":true,"href":"https:\/\/rnoticias.com.mx\/Portal\/wp-json\/wp\/v2\/comments?post=228149"}],"version-history":[{"count":1,"href":"https:\/\/rnoticias.com.mx\/Portal\/wp-json\/wp\/v2\/posts\/228149\/revisions"}],"predecessor-version":[{"id":228151,"href":"https:\/\/rnoticias.com.mx\/Portal\/wp-json\/wp\/v2\/posts\/228149\/revisions\/228151"}],"wp:featuredmedia":[{"embeddable":true,"href":"https:\/\/rnoticias.com.mx\/Portal\/wp-json\/wp\/v2\/media\/228150"}],"wp:attachment":[{"href":"https:\/\/rnoticias.com.mx\/Portal\/wp-json\/wp\/v2\/media?parent=228149"}],"wp:term":[{"taxonomy":"category","embeddable":true,"href":"https:\/\/rnoticias.com.mx\/Portal\/wp-json\/wp\/v2\/categories?post=228149"},{"taxonomy":"post_tag","embeddable":true,"href":"https:\/\/rnoticias.com.mx\/Portal\/wp-json\/wp\/v2\/tags?post=228149"}],"curies":[{"name":"wp","href":"https:\/\/api.w.org\/{rel}","templated":true}]}}