{"id":228146,"date":"2025-08-29T08:20:36","date_gmt":"2025-08-29T15:20:36","guid":{"rendered":"https:\/\/rnoticias.com.mx\/Portal\/?p=228146"},"modified":"2025-08-29T08:20:36","modified_gmt":"2025-08-29T15:20:36","slug":"kim-kardashian-se-posiciona-en-contra-de-las-politicas-migratorias-de-trump","status":"publish","type":"post","link":"https:\/\/rnoticias.com.mx\/Portal\/2025\/08\/29\/kim-kardashian-se-posiciona-en-contra-de-las-politicas-migratorias-de-trump\/","title":{"rendered":"Kim Kardashian se posiciona en contra de las pol\u00edticas migratorias de Trump"},"content":{"rendered":"<p><strong>Kim Kardashian se pronunci\u00f3 en contra de las pol\u00edticas migratorias del presidente estadounidense Donald Trump durante un homenaje a su activismo en justicia penal en los Premios DVF de Diane von Furstenberg,\u00a0<\/strong>celebrados en Venecia, inform\u00f3 el medio especializado Variety.<\/p>\n<p>La empresaria e influenciadora estadounidense fue consultada este jueves por la prensa sobre su opini\u00f3n respecto a las redadas del Servicio de Control de Inmigraci\u00f3n y Aduanas (ICE) que se est\u00e1n llevando a cabo bajo la actual Administraci\u00f3n, poco antes de recibir el premio.<\/p>\n<p><strong>&#8220;En las noticias escuchas: &#8216;Oh, se trata de personas que han cometido estos cr\u00edmenes&#8221;, dijo Kardashian. &#8220;Pero luego te enteras de todas las personas que han trabajado tan duro para construir nuestro pa\u00eds, y de tantas otras que son una parte fundamental de \u00e9l y que est\u00e1n siendo afectadas&#8221;,\u00a0<\/strong>a\u00f1adi\u00f3.<\/p>\n<p><strong>&#8220;Es muy dif\u00edcil, pero creo que tenemos que hacer todo lo posible para proteger a las personas que realmente han apoyado y construido nuestro pa\u00eds&#8221;<\/strong>, dijo la integrante m\u00e1s popular del clan Kardashian.<\/p>\n<p>La estrella de telerrealidad fue reconocida por su trabajo constante a favor de la reforma del sistema de justicia penal.<\/p>\n<p>Kardashian recibi\u00f3 el premio de manos de Chris Young, un hombre al que\u00a0<strong>ayud\u00f3 a liberar de una cadena perpetua sin posibilidad de libertad condicional por un delito menor relacionado con drogas.<\/strong><\/p>\n<p>No es la primera vez que la empresaria se manifiesta en contra de las pol\u00edticas migratorias que se han endurecido en Estados Unidos desde el inicio del segundo mandato de Trump.<\/p>\n<p>En junio, cuando las redadas se intensificaron en California, Kardashian las califico como<strong>\u00a0&#8220;inhumanas&#8221;,<\/strong>\u00a0defendi\u00f3 la contribuci\u00f3n de los inmigrantes a la sociedad y pidi\u00f3 no<strong>\u00a0&#8220;ignorar&#8221; las injusticias. \u00a0\u00a0<\/strong><\/p>\n<p>Fuente: EFE<\/p>\n","protected":false},"excerpt":{"rendered":"<p>Kim Kardashian se pronunci\u00f3 en contra de las pol\u00edticas migratorias del presidente estadounidense Donald Trump durante un homenaje a su activismo en justicia penal en los Premios DVF de Diane von Furstenberg,\u00a0celebrados en Venecia, inform\u00f3 el medio especializado Variety. La empresaria e influenciadora estadounidense fue consultada este jueves por la prensa sobre su opini\u00f3n respecto [&hellip;]<\/p>\n","protected":false},"author":2,"featured_media":228147,"comment_status":"closed","ping_status":"closed","sticky":false,"template":"","format":"standard","meta":{"footnotes":""},"categories":[12870,219],"tags":[12865,12875],"class_list":["post-228146","post","type-post","status-publish","format-standard","has-post-thumbnail","hentry","category-destacadas","category-espectaculos","tag-destacadas","tag-espectaculos"],"jetpack_featured_media_url":"https:\/\/rnoticias.com.mx\/Portal\/wp-content\/uploads\/2025\/08\/Kim-Kardashian.jpg","amp_enabled":true,"_links":{"self":[{"href":"https:\/\/rnoticias.com.mx\/Portal\/wp-json\/wp\/v2\/posts\/228146","targetHints":{"allow":["GET"]}}],"collection":[{"href":"https:\/\/rnoticias.com.mx\/Portal\/wp-json\/wp\/v2\/posts"}],"about":[{"href":"https:\/\/rnoticias.com.mx\/Portal\/wp-json\/wp\/v2\/types\/post"}],"author":[{"embeddable":true,"href":"https:\/\/rnoticias.com.mx\/Portal\/wp-json\/wp\/v2\/users\/2"}],"replies":[{"embeddable":true,"href":"https:\/\/rnoticias.com.mx\/Portal\/wp-json\/wp\/v2\/comments?post=228146"}],"version-history":[{"count":1,"href":"https:\/\/rnoticias.com.mx\/Portal\/wp-json\/wp\/v2\/posts\/228146\/revisions"}],"predecessor-version":[{"id":228148,"href":"https:\/\/rnoticias.com.mx\/Portal\/wp-json\/wp\/v2\/posts\/228146\/revisions\/228148"}],"wp:featuredmedia":[{"embeddable":true,"href":"https:\/\/rnoticias.com.mx\/Portal\/wp-json\/wp\/v2\/media\/228147"}],"wp:attachment":[{"href":"https:\/\/rnoticias.com.mx\/Portal\/wp-json\/wp\/v2\/media?parent=228146"}],"wp:term":[{"taxonomy":"category","embeddable":true,"href":"https:\/\/rnoticias.com.mx\/Portal\/wp-json\/wp\/v2\/categories?post=228146"},{"taxonomy":"post_tag","embeddable":true,"href":"https:\/\/rnoticias.com.mx\/Portal\/wp-json\/wp\/v2\/tags?post=228146"}],"curies":[{"name":"wp","href":"https:\/\/api.w.org\/{rel}","templated":true}]}}