{"id":228143,"date":"2025-08-29T08:15:40","date_gmt":"2025-08-29T15:15:40","guid":{"rendered":"https:\/\/rnoticias.com.mx\/Portal\/?p=228143"},"modified":"2025-08-29T08:15:40","modified_gmt":"2025-08-29T15:15:40","slug":"comienza-ine-organizacion-del-proceso-electoral-local-2025-2026-en-coahuila","status":"publish","type":"post","link":"https:\/\/rnoticias.com.mx\/Portal\/2025\/08\/29\/comienza-ine-organizacion-del-proceso-electoral-local-2025-2026-en-coahuila\/","title":{"rendered":"Comienza INE organizaci\u00f3n del Proceso Electoral Local 2025-2026 en Coahuila"},"content":{"rendered":"<p class=\"x_MsoNormal\"><span data-olk-copy-source=\"MessageBody\">El Consejo General del Instituto Nacional Electoral (INE) aprob\u00f3 diversos acuerdos en el marco de la organizaci\u00f3n del Proceso Electoral Local (PEL) 2025-2026 en Coahuila, cuya Jornada Electoral se celebrar\u00e1 el 7 de junio del pr\u00f3ximo a\u00f1o.<\/span><\/p>\n<p class=\"x_MsoNormal\">\n<p class=\"x_MsoNormal\">En primer lugar, el pleno aval\u00f3 los Lineamientos que establecen los plazos y t\u00e9rminos para el uso del Padr\u00f3n Electoral y las Listas Nominales de Electores para el PEL 2025-2026 de Coahuila, as\u00ed como de las elecciones extraordinarias que de \u00e9ste deriven y los plazos para la actualizaci\u00f3n del Padr\u00f3n Electoral y los cortes de la Lista Nominal de Electores (LNE), con motivo de la celebraci\u00f3n de este proceso.<\/p>\n<p class=\"x_MsoNormal\">\n<p class=\"x_MsoNormal\">En sesi\u00f3n extraordinaria, el Consejero y presidente de la Comisi\u00f3n del Registro Federal de Electores, Arturo Castillo Loza, destac\u00f3 que las campa\u00f1as especiales de actualizaci\u00f3n iniciar\u00e1n el 1 de septiembre de 2025 y concluir\u00e1n el 10 de febrero de 2026.<\/p>\n<p class=\"x_MsoNormal\">\n<p class=\"x_MsoNormal\">Adem\u00e1s, se\u00f1al\u00f3 que la Direcci\u00f3n Ejecutiva del Registro Federal de Electores (DERFE) entregar\u00e1 la LNE para realizar la primera insaculaci\u00f3n del 19 al 22 de enero de 2026 y la Lista Nominal de Electores para revisi\u00f3n, con corte al 10 de febrero del pr\u00f3ximo a\u00f1o, ser\u00e1 entregada a las representaciones de los partidos pol\u00edticos acreditados a m\u00e1s tardar el 24 de febrero del mismo a\u00f1o.<\/p>\n<p class=\"x_MsoNormal\">\n<p class=\"x_MsoNormal\">La entrega de las observaciones que se formulen a las listas nominales se podr\u00e1 realizar hasta el pr\u00f3ximo 16 de marzo. Asimismo, el Consejero Castillo precis\u00f3 que la Lista Nominal de Electores Definitiva se conformar\u00e1 con corte al 10 de abril de 2026 y se entregar\u00e1 a las representaciones partidistas y, en su caso, a las candidaturas independientes, a m\u00e1s tardar el 6 de mayo.<\/p>\n<p class=\"x_MsoNormal\">\n<p class=\"x_MsoNormal\">Por otro lado, a\u00f1adi\u00f3, la DERFE entregar\u00e1 la lista adicional, con corte al 15 de mayo del pr\u00f3ximo a\u00f1o, el 25 del mismo mes.<\/p>\n<p class=\"x_MsoNormal\">\n<p class=\"x_MsoNormal\"><b><i>Marcar\u00e1n el n\u00famero 26 en la Credencial para Votar<\/i><\/b><\/p>\n<p class=\"x_MsoNormal\"><b><i>\u00a0<\/i><\/b><\/p>\n<p class=\"x_MsoNormal\">A continuaci\u00f3n, las consejeras y los consejeros aprobaron el lugar de la Credencial para Votar que deber\u00e1 marcar el instrumento que ser\u00e1 utilizado el d\u00eda de la Jornada Electoral del PEL 2025-2026, as\u00ed como en las elecciones extraordinarias que en su caso tengan lugar en 2026, en cumplimiento del art\u00edculo 97 del Reglamento de Elecciones.<\/p>\n<p class=\"x_MsoNormal\">\n<p class=\"x_MsoNormal\">Al respecto, el Consejero Arturo Castillo explic\u00f3 que se aval\u00f3 marcar el n\u00famero 26 en el apartado de \u201cElecciones locales y extraordinarias\u201d ubicado al reverso de todos los modelos vigentes de la Credencial para Votar.<\/p>\n<p class=\"x_MsoNormal\">\u201cEl marcaje de la credencial es un mecanismo que instrumenta el Instituto Nacional Electoral para que la ciudadan\u00eda y todos los actores involucrados tengan la certeza de que al ejercer su derecho al voto, lo har\u00e1n una sola vez y por la elecci\u00f3n correspondiente\u201d, subray\u00f3.<\/p>\n<p class=\"x_MsoNormal\">\n<p class=\"x_MsoNormal\"><b><i>Aprueban metas del SIJE para el Proceso Electoral Local 2025-2026<\/i><\/b><\/p>\n<p class=\"x_MsoNormal\"><b><i>\u00a0<\/i><\/b><\/p>\n<p class=\"x_MsoNormal\">En otro punto de la sesi\u00f3n, las consejer\u00edas avalaron el Programa de operaci\u00f3n y la meta del Sistema de Informaci\u00f3n sobre el desarrollo de la Jornada Electoral (SIJE), que operar\u00e1 en el PEL ordinario 2025-2026 y, en su caso, en la elecci\u00f3n extraordinaria que derive del mismo, para informar oportunamente a los consejos General, local y distritales del INE sobre la jornada comicial del 7 de junio de 2026.<\/p>\n<p class=\"x_MsoNormal\">\n<p class=\"x_MsoNormal\">De este modo, se determin\u00f3 la meta a nivel local para el reporte de la instalaci\u00f3n de las casillas aprobadas por los consejos distritales, mediante el SIJE, en los t\u00e9rminos siguientes:<\/p>\n<p class=\"x_MsoNormal\">\n<ul type=\"disc\">\n<li class=\"x_MsoNormal\">Reportar entre el 97.0 y 99.0 por ciento, a m\u00e1s tardar, a las 11:00 horas (horario del centro del pa\u00eds).<\/li>\n<li class=\"x_MsoNormal\">Reportar entre el 99.0 y 100.0 por ciento, a m\u00e1s tardar, a las 12:00 horas (horario del centro del pa\u00eds).<\/li>\n<\/ul>\n<p class=\"x_MsoNormal\">\n<p class=\"x_MsoNormal\">Adicionalmente, se aprobaron los Lineamientos para integrar los consejos locales y distritales para los procesos electorales 2026-2027.<\/p>\n<p class=\"x_MsoNormal\">\n<p class=\"x_MsoNormal\">El Consejero y presidente de la Comisi\u00f3n de Organizaci\u00f3n Electoral, Jaime Rivera Vel\u00e1zquez, estableci\u00f3 que en estos lineamientos se garantiza la paridad de g\u00e9nero sustantiva y se incorpora una visi\u00f3n progresista e incluyente al incorporar a personas pertenecientes a grupos en situaci\u00f3n de discriminaci\u00f3n estructural.<\/p>\n<p class=\"x_MsoNormal\">\n<p class=\"x_MsoNormal\"><b><i>Se avala Plan Integral y el Calendario de Coordinaci\u00f3n<\/i><\/b><\/p>\n<p class=\"x_MsoNormal\"><b><i>\u00a0<\/i><\/b><\/p>\n<p class=\"x_MsoNormal\">Finalmente, se aval\u00f3 la Estrategia de Capacitaci\u00f3n y Asistencia Electoral 2025-2026, as\u00ed como el Plan Integral y el Calendario de Coordinaci\u00f3n del PEL 2025-2026, en el estado de Coahuila que articula los esfuerzos del Instituto y del Organismo P\u00fablico Local Electoral de la entidad, para garantizar que la ciudadan\u00eda ejerza sus derechos pol\u00edtico-electorales con plena certeza, legalidad y trasparencia.<\/p>\n<p class=\"x_MsoNormal\">\n<p class=\"x_MsoNormal\">El Plan Integral y el Calendario de Coordinaci\u00f3n son instrumentos esenciales para planear, organizar y dar seguimiento a todas las actividades del proceso electoral en el que se renovar\u00e1 la legislatura del Congreso del Estado, integrada por 25 diputaciones locales, de las cuales 16 se elegir\u00e1n por mayor\u00eda relativa y nueve por representaci\u00f3n proporcional.<\/p>\n<p class=\"x_MsoNormal\">\n<p class=\"x_MsoNormal\">El proceso electoral dar\u00e1 inicio formal el 1 de diciembre de 2025, conforme al art\u00edculo 167 del C\u00f3digo Electoral Local y la Jornada Electoral se celebrar\u00e1 el 7 de junio de 2026.<\/p>\n<p class=\"x_MsoNormal\">\n<p class=\"x_MsoNormal\">El calendario de coordinaci\u00f3n en esta ocasi\u00f3n est\u00e1 integrado por 29 subprocesos con un total de 328 actividades a ser realizadas por la Junta Local y Distritales Ejecutivas en la entidad, el Instituto Electoral de Coahuila y las \u00e1reas centrales del Instituto.<\/p>\n","protected":false},"excerpt":{"rendered":"<p>El Consejo General del Instituto Nacional Electoral (INE) aprob\u00f3 diversos acuerdos en el marco de la organizaci\u00f3n del Proceso Electoral Local (PEL) 2025-2026 en Coahuila, cuya Jornada Electoral se celebrar\u00e1 el 7 de junio del pr\u00f3ximo a\u00f1o. En primer lugar, el pleno aval\u00f3 los Lineamientos que establecen los plazos y t\u00e9rminos para el uso del [&hellip;]<\/p>\n","protected":false},"author":2,"featured_media":228144,"comment_status":"closed","ping_status":"closed","sticky":false,"template":"","format":"standard","meta":{"footnotes":""},"categories":[12870,12868],"tags":[12865,12879],"class_list":["post-228143","post","type-post","status-publish","format-standard","has-post-thumbnail","hentry","category-destacadas","category-politica","tag-destacadas","tag-politica"],"jetpack_featured_media_url":"https:\/\/rnoticias.com.mx\/Portal\/wp-content\/uploads\/2025\/08\/IMG-20250828-WA0047.jpg","amp_enabled":true,"_links":{"self":[{"href":"https:\/\/rnoticias.com.mx\/Portal\/wp-json\/wp\/v2\/posts\/228143","targetHints":{"allow":["GET"]}}],"collection":[{"href":"https:\/\/rnoticias.com.mx\/Portal\/wp-json\/wp\/v2\/posts"}],"about":[{"href":"https:\/\/rnoticias.com.mx\/Portal\/wp-json\/wp\/v2\/types\/post"}],"author":[{"embeddable":true,"href":"https:\/\/rnoticias.com.mx\/Portal\/wp-json\/wp\/v2\/users\/2"}],"replies":[{"embeddable":true,"href":"https:\/\/rnoticias.com.mx\/Portal\/wp-json\/wp\/v2\/comments?post=228143"}],"version-history":[{"count":1,"href":"https:\/\/rnoticias.com.mx\/Portal\/wp-json\/wp\/v2\/posts\/228143\/revisions"}],"predecessor-version":[{"id":228145,"href":"https:\/\/rnoticias.com.mx\/Portal\/wp-json\/wp\/v2\/posts\/228143\/revisions\/228145"}],"wp:featuredmedia":[{"embeddable":true,"href":"https:\/\/rnoticias.com.mx\/Portal\/wp-json\/wp\/v2\/media\/228144"}],"wp:attachment":[{"href":"https:\/\/rnoticias.com.mx\/Portal\/wp-json\/wp\/v2\/media?parent=228143"}],"wp:term":[{"taxonomy":"category","embeddable":true,"href":"https:\/\/rnoticias.com.mx\/Portal\/wp-json\/wp\/v2\/categories?post=228143"},{"taxonomy":"post_tag","embeddable":true,"href":"https:\/\/rnoticias.com.mx\/Portal\/wp-json\/wp\/v2\/tags?post=228143"}],"curies":[{"name":"wp","href":"https:\/\/api.w.org\/{rel}","templated":true}]}}