{"id":228140,"date":"2025-08-29T08:08:19","date_gmt":"2025-08-29T15:08:19","guid":{"rendered":"https:\/\/rnoticias.com.mx\/Portal\/?p=228140"},"modified":"2025-08-29T08:08:19","modified_gmt":"2025-08-29T15:08:19","slug":"fortalece-gobierno-de-sonora-vinculacion-de-cecyte-con-el-distrito-de-riego-del-rio-yaqui-en-beneficio-de-estudiantes","status":"publish","type":"post","link":"https:\/\/rnoticias.com.mx\/Portal\/2025\/08\/29\/fortalece-gobierno-de-sonora-vinculacion-de-cecyte-con-el-distrito-de-riego-del-rio-yaqui-en-beneficio-de-estudiantes\/","title":{"rendered":"Fortalece Gobierno de Sonora vinculaci\u00f3n de Cecyte con el Distrito de Riego del R\u00edo Yaqui en beneficio de estudiantes"},"content":{"rendered":"<p align=\"left\">Hermosillo, Sonora; 29 de agosto de 2025.- Con el objetivo de fortalecer el v\u00ednculo entre el sector educativo y el sector productivo, en beneficio del alumnado, el Colegio de Estudios Cient\u00edficos y Tecnol\u00f3gicos del Estado de Sonora (Cecyte) formaliz\u00f3 un convenio de colaboraci\u00f3n con el Distrito de Riego del R\u00edo Yaqui.<\/p>\n<p align=\"left\">\n<p align=\"left\">La directora general de Cecyte Sonora, Blanca Valenzuela, y el presidente del Distrito, Mario Alberto Pablos Dom\u00ednguez, firmaron el documento que busca generar oportunidades que beneficien a las y los estudiantes del Valle del Yaqui y del Mayo mediante la implementaci\u00f3n de acciones conjuntas que impulsen su desarrollo acad\u00e9mico, social y profesional.<\/p>\n<p align=\"left\">\n<p align=\"left\">A trav\u00e9s de este convenio, el Distrito de Riego recibir\u00e1 a j\u00f3venes de Cecyte Sonora para que se acerquen al sector productivo y puedan realizar su servicio social o participar en programas de Educaci\u00f3n Dual.<\/p>\n<p align=\"left\">\n<p align=\"left\">El convenio tambi\u00e9n contempla la posibilidad de trabajar en conjunto en proyectos de mejora para los planteles y la comunidad, as\u00ed como el dise\u00f1o y ejecuci\u00f3n de eventos culturales, acad\u00e9micos y deportivos que fomenten la convivencia estudiantil y familiar.<\/p>\n<p align=\"left\">\n<p align=\"left\">Adem\u00e1s, ambas partes se comprometen a formular propuestas que contribuyan a mejorar la calidad y pertinencia de la oferta educativa, en atenci\u00f3n a las necesidades del sector productivo de la regi\u00f3n.<\/p>\n<p align=\"left\">\n<p align=\"left\">Con estas acciones, Cecyte refrenda el compromiso del Gobierno de Sonora con una educaci\u00f3n de calidad, pertinente y con sentido social, promoviendo alianzas estrat\u00e9gicas que conecten a las y los j\u00f3venes con el mundo laboral desde su formaci\u00f3n acad\u00e9mica, contribuyendo as\u00ed al desarrollo econ\u00f3mico y social de la entidad.<\/p>\n","protected":false},"excerpt":{"rendered":"<p>Hermosillo, Sonora; 29 de agosto de 2025.- Con el objetivo de fortalecer el v\u00ednculo entre el sector educativo y el sector productivo, en beneficio del alumnado, el Colegio de Estudios Cient\u00edficos y Tecnol\u00f3gicos del Estado de Sonora (Cecyte) formaliz\u00f3 un convenio de colaboraci\u00f3n con el Distrito de Riego del R\u00edo Yaqui. La directora general de [&hellip;]<\/p>\n","protected":false},"author":2,"featured_media":228141,"comment_status":"closed","ping_status":"closed","sticky":false,"template":"","format":"standard","meta":{"footnotes":""},"categories":[12870,178],"tags":[12865,12869],"class_list":["post-228140","post","type-post","status-publish","format-standard","has-post-thumbnail","hentry","category-destacadas","category-local","tag-destacadas","tag-local"],"jetpack_featured_media_url":"https:\/\/rnoticias.com.mx\/Portal\/wp-content\/uploads\/2025\/08\/unnamed-94.jpg","amp_enabled":true,"_links":{"self":[{"href":"https:\/\/rnoticias.com.mx\/Portal\/wp-json\/wp\/v2\/posts\/228140","targetHints":{"allow":["GET"]}}],"collection":[{"href":"https:\/\/rnoticias.com.mx\/Portal\/wp-json\/wp\/v2\/posts"}],"about":[{"href":"https:\/\/rnoticias.com.mx\/Portal\/wp-json\/wp\/v2\/types\/post"}],"author":[{"embeddable":true,"href":"https:\/\/rnoticias.com.mx\/Portal\/wp-json\/wp\/v2\/users\/2"}],"replies":[{"embeddable":true,"href":"https:\/\/rnoticias.com.mx\/Portal\/wp-json\/wp\/v2\/comments?post=228140"}],"version-history":[{"count":1,"href":"https:\/\/rnoticias.com.mx\/Portal\/wp-json\/wp\/v2\/posts\/228140\/revisions"}],"predecessor-version":[{"id":228142,"href":"https:\/\/rnoticias.com.mx\/Portal\/wp-json\/wp\/v2\/posts\/228140\/revisions\/228142"}],"wp:featuredmedia":[{"embeddable":true,"href":"https:\/\/rnoticias.com.mx\/Portal\/wp-json\/wp\/v2\/media\/228141"}],"wp:attachment":[{"href":"https:\/\/rnoticias.com.mx\/Portal\/wp-json\/wp\/v2\/media?parent=228140"}],"wp:term":[{"taxonomy":"category","embeddable":true,"href":"https:\/\/rnoticias.com.mx\/Portal\/wp-json\/wp\/v2\/categories?post=228140"},{"taxonomy":"post_tag","embeddable":true,"href":"https:\/\/rnoticias.com.mx\/Portal\/wp-json\/wp\/v2\/tags?post=228140"}],"curies":[{"name":"wp","href":"https:\/\/api.w.org\/{rel}","templated":true}]}}